{"id":1004,"date":"2024-01-06T23:11:49","date_gmt":"2024-01-06T23:11:49","guid":{"rendered":"https:\/\/noticierotamaulipeco.info\/?p=1004"},"modified":"2024-01-10T23:12:41","modified_gmt":"2024-01-10T23:12:41","slug":"1004","status":"publish","type":"post","link":"https:\/\/noticierotamaulipeco.info\/?p=1004","title":{"rendered":"\u201cIniciamos juntos una nueva din\u00e1mica universitaria para transformar y trascender\u201d: D\u00e1maso Anaya"},"content":{"rendered":"\n<figure class=\"wp-block-image size-large\"><img loading=\"lazy\" decoding=\"async\" width=\"1024\" height=\"589\" src=\"https:\/\/noticierotamaulipeco.info\/wp-content\/uploads\/2023\/12\/1-20-1024x589.jpg\" alt=\"\" class=\"wp-image-898\" srcset=\"https:\/\/noticierotamaulipeco.info\/wp-content\/uploads\/2023\/12\/1-20-1024x589.jpg 1024w, https:\/\/noticierotamaulipeco.info\/wp-content\/uploads\/2023\/12\/1-20-300x173.jpg 300w, https:\/\/noticierotamaulipeco.info\/wp-content\/uploads\/2023\/12\/1-20-768x442.jpg 768w, https:\/\/noticierotamaulipeco.info\/wp-content\/uploads\/2023\/12\/1-20-1536x884.jpg 1536w, https:\/\/noticierotamaulipeco.info\/wp-content\/uploads\/2023\/12\/1-20.jpg 2048w\" sizes=\"auto, (max-width: 1024px) 100vw, 1024px\" \/><\/figure>\n\n\n\n<p>Ciudad Victoria, Tam.; 5 de enero de 2024.<br>\u201cIniciamos juntos una nueva din\u00e1mica universitaria para transformar y trascender\u201d: D\u00e1maso Anaya<\/p>\n\n\n\n<p>\uf0b7 Durante el evento de salutaci\u00f3n de a\u00f1o nuevo para la comunidad<br>universitaria, el rector enfatiz\u00f3 la importancia de trabajar unidos para<br>avanzar y establecer una nueva senda para la UAT.<br>El MVZ D\u00e1maso Anaya Alvarado, rector de la Universidad Aut\u00f3noma de<br>Tamaulipas (UAT), presidi\u00f3 el evento de salutaci\u00f3n de a\u00f1o nuevo para la<br>comunidad universitaria, marcando el comienzo del 2024.<br>Coincidiendo con el regreso a las actividades laborales del personal<br>universitario, el rector extendi\u00f3 sus saludos al cuerpo docente y administrativo de<br>diversas \u00e1reas, dependencias, escuelas e institutos que conforman la m\u00e1xima<br>casa de estudios de Tamaulipas.<br>Durante su mensaje, expres\u00f3 sus felicitaciones y buenos deseos para el<br>nuevo a\u00f1o: &#8220;Mi familia y yo nos sumamos a toda esa dicha compartida. Les<br>extiendo mis felicitaciones y el deseo de que en sus hogares haya salud y paz.<br>Que este 2024 sea pleno de oportunidades para crecer en lo personal y en lo<br>profesional\u201d.<br>D\u00e1maso Anaya destac\u00f3 la importancia de este nuevo a\u00f1o para la UAT,<br>se\u00f1al\u00e1ndolo como el comienzo de una nueva etapa para la instituci\u00f3n, con retos<br>importantes y de gran trascendencia. Enfatiz\u00f3 la necesidad de una actitud<br>transformadora, proponiendo la consolidaci\u00f3n de la Universidad como un espacio<br>humanista, donde el valor principal sea contribuir a una sociedad pr\u00f3spera y<br>equitativa.<br>&#8220;Voy a insistir: nuestra misi\u00f3n est\u00e1 en la academia y esta debe ser el centro<br>de nuestras actividades; la UAT debe ser lugar donde se forja el conocimiento que<br>contribuya al desarrollo de nuestra comunidad. Esa es nuestra visi\u00f3n&#8221;, expres\u00f3 el<br>rector.<\/p>\n\n\n\n<p>Subray\u00f3 que la esencia de la casa de estudios radica en las personas y<br>enfatiz\u00f3 la importancia de fortalecer en unidad la visi\u00f3n institucional para<br>demostrar el compromiso de la UAT con la educaci\u00f3n superior humanista y<br>basada en valores.<br>\u201cSigamos haciendo historia para esta instituci\u00f3n, compartamos valores que<br>nos den identidad, como disciplina, humanismo y unidad, para transformar. Estoy<br>completamente convencido de que nuestra esencia universitaria est\u00e1 en creer,<br>crear y cooperar para trascender\u201d, a\u00f1adi\u00f3.<br>El rector llam\u00f3 a los universitarios a convertirse en una comunidad abierta y<br>activa, fomentando la participaci\u00f3n de todos en la construcci\u00f3n de una universidad<br>centrada en la formaci\u00f3n humanista de sus egresados.<br>Al concluir el evento, D\u00e1maso Anaya comparti\u00f3 la tradicional rosca de<br>Reyes con todos los asistentes, cerrando as\u00ed la bienvenida a un nuevo ciclo<br>universitario.<\/p>\n","protected":false},"excerpt":{"rendered":"<p>Ciudad Victoria, Tam.; 5 de enero de 2024.\u201cIniciamos juntos una nueva din\u00e1mica universitaria para transformar&#8230;<\/p>\n","protected":false},"author":1,"featured_media":898,"comment_status":"open","ping_status":"open","sticky":false,"template":"","format":"standard","meta":{"footnotes":""},"categories":[4,1],"tags":[],"class_list":["post-1004","post","type-post","status-publish","format-standard","has-post-thumbnail","hentry","category-educacion","category-sin-categoria"],"_links":{"self":[{"href":"https:\/\/noticierotamaulipeco.info\/index.php?rest_route=\/wp\/v2\/posts\/1004","targetHints":{"allow":["GET"]}}],"collection":[{"href":"https:\/\/noticierotamaulipeco.info\/index.php?rest_route=\/wp\/v2\/posts"}],"about":[{"href":"https:\/\/noticierotamaulipeco.info\/index.php?rest_route=\/wp\/v2\/types\/post"}],"author":[{"embeddable":true,"href":"https:\/\/noticierotamaulipeco.info\/index.php?rest_route=\/wp\/v2\/users\/1"}],"replies":[{"embeddable":true,"href":"https:\/\/noticierotamaulipeco.info\/index.php?rest_route=%2Fwp%2Fv2%2Fcomments&post=1004"}],"version-history":[{"count":2,"href":"https:\/\/noticierotamaulipeco.info\/index.php?rest_route=\/wp\/v2\/posts\/1004\/revisions"}],"predecessor-version":[{"id":1006,"href":"https:\/\/noticierotamaulipeco.info\/index.php?rest_route=\/wp\/v2\/posts\/1004\/revisions\/1006"}],"wp:featuredmedia":[{"embeddable":true,"href":"https:\/\/noticierotamaulipeco.info\/index.php?rest_route=\/wp\/v2\/media\/898"}],"wp:attachment":[{"href":"https:\/\/noticierotamaulipeco.info\/index.php?rest_route=%2Fwp%2Fv2%2Fmedia&parent=1004"}],"wp:term":[{"taxonomy":"category","embeddable":true,"href":"https:\/\/noticierotamaulipeco.info\/index.php?rest_route=%2Fwp%2Fv2%2Fcategories&post=1004"},{"taxonomy":"post_tag","embeddable":true,"href":"https:\/\/noticierotamaulipeco.info\/index.php?rest_route=%2Fwp%2Fv2%2Ftags&post=1004"}],"curies":[{"name":"wp","href":"https:\/\/api.w.org\/{rel}","templated":true}]}}