{"id":1007,"date":"2024-01-07T23:13:19","date_gmt":"2024-01-07T23:13:19","guid":{"rendered":"https:\/\/noticierotamaulipeco.info\/?p=1007"},"modified":"2024-01-10T23:15:00","modified_gmt":"2024-01-10T23:15:00","slug":"reafirma-damaso-anaya-el-compromiso-de-unir-esfuerzos-para-la-transformacion-de-la-uat","status":"publish","type":"post","link":"https:\/\/noticierotamaulipeco.info\/?p=1007","title":{"rendered":"Reafirma D\u00e1maso Anaya el compromiso de unir esfuerzos para la transformaci\u00f3n de la UAT"},"content":{"rendered":"\n<figure class=\"wp-block-image size-large\"><img loading=\"lazy\" decoding=\"async\" width=\"1024\" height=\"682\" src=\"https:\/\/noticierotamaulipeco.info\/wp-content\/uploads\/2024\/01\/3-34-1024x682.jpg\" alt=\"\" class=\"wp-image-1008\" srcset=\"https:\/\/noticierotamaulipeco.info\/wp-content\/uploads\/2024\/01\/3-34-1024x682.jpg 1024w, https:\/\/noticierotamaulipeco.info\/wp-content\/uploads\/2024\/01\/3-34-300x200.jpg 300w, https:\/\/noticierotamaulipeco.info\/wp-content\/uploads\/2024\/01\/3-34-768x512.jpg 768w, https:\/\/noticierotamaulipeco.info\/wp-content\/uploads\/2024\/01\/3-34-1536x1023.jpg 1536w, https:\/\/noticierotamaulipeco.info\/wp-content\/uploads\/2024\/01\/3-34.jpg 1600w\" sizes=\"auto, (max-width: 1024px) 100vw, 1024px\" \/><\/figure>\n\n\n\n<p>Ciudad Victoria, Tam.; 7 de enero de 2024.<br>Reafirma D\u00e1maso Anaya el compromiso de unir esfuerzos para la transformaci\u00f3n de la UAT<\/p>\n\n\n\n<p>\uf0b7 En su primera reuni\u00f3n como presidente del Colegio de Directores de la<br>UAT, el rector D\u00e1maso Anaya destac\u00f3 la importancia de trabajar<br>conjuntamente para contribuir a la transformaci\u00f3n de la instituci\u00f3n hacia un<br>enfoque humanista.<\/p>\n\n\n\n<p>Como rector de la Universidad Aut\u00f3noma de Tamaulipas (UAT), el MVZ D\u00e1maso<br>Anaya Alvarado presidi\u00f3 su primera reuni\u00f3n del Colegio de Directores, con la<br>participaci\u00f3n de titulares de las veintis\u00e9is dependencias acad\u00e9micas de la m\u00e1xima<br>casa de estudios del estado.<br>Durante el encuentro celebrado en el Centro de Gesti\u00f3n del Conocimiento<br>del Campus Victoria, el rector extendi\u00f3 un mensaje de bienvenida a las<br>autoridades universitarias, marcando as\u00ed su primera sesi\u00f3n al frente de este<br>\u00f3rgano colegiado de la UAT.<br>Luego de agradecer la dedicaci\u00f3n de los directivos de las facultades,<br>unidades acad\u00e9micas y escuelas preparatorias, destac\u00f3 la importancia de trabajar<br>conjuntamente para contribuir a la transformaci\u00f3n de la instituci\u00f3n hacia un<br>enfoque humanista.<br>Asimismo, subray\u00f3 el continuo tes\u00f3n de la UAT por fortalecer la visi\u00f3n<br>institucional, y recalc\u00f3 la importancia de demostrar el compromiso de la<br>Universidad con la educaci\u00f3n superior basada en valores.<br>En ese contexto, hizo un llamado a la unidad para consolidar el prop\u00f3sito<br>com\u00fan de fortalecer la academia y la formaci\u00f3n estudiantil.<br>Durante su mensaje, resalt\u00f3 la importancia de incentivar la formaci\u00f3n del<br>alumnado de los distintos programas de licenciatura y posgrado, adem\u00e1s de<br>reiterar su compromiso de mantener una administraci\u00f3n cercana con la comunidad<\/p>\n\n\n\n<p>estudiantil y su disposici\u00f3n para colaborar estrechamente con los directores en<br>beneficio del fortalecimiento de la academia.<br>El rector felicit\u00f3 a los directivos por las recientes festividades navide\u00f1as y<br>expres\u00f3 sus mejores deseos para este a\u00f1o 2024. Con optimismo, manifest\u00f3 su<br>esperanza de que, trabajando juntos, logren concluir con \u00e9xito proyectos<br>significativos en la Universidad.<br>La primera reuni\u00f3n del Colegio de Directores bajo el liderazgo del MVZ<br>D\u00e1maso Anaya Alvarado refleja la determinaci\u00f3n colectiva de impulsar el<br>desarrollo acad\u00e9mico y consolidar la excelencia en la instituci\u00f3n educativa m\u00e1s<br>importante de Tamaulipas.<\/p>\n","protected":false},"excerpt":{"rendered":"<p>Ciudad Victoria, Tam.; 7 de enero de 2024.Reafirma D\u00e1maso Anaya el compromiso de unir esfuerzos&#8230;<\/p>\n","protected":false},"author":1,"featured_media":1008,"comment_status":"open","ping_status":"open","sticky":false,"template":"","format":"standard","meta":{"footnotes":""},"categories":[4],"tags":[],"class_list":["post-1007","post","type-post","status-publish","format-standard","has-post-thumbnail","hentry","category-educacion"],"_links":{"self":[{"href":"https:\/\/noticierotamaulipeco.info\/index.php?rest_route=\/wp\/v2\/posts\/1007","targetHints":{"allow":["GET"]}}],"collection":[{"href":"https:\/\/noticierotamaulipeco.info\/index.php?rest_route=\/wp\/v2\/posts"}],"about":[{"href":"https:\/\/noticierotamaulipeco.info\/index.php?rest_route=\/wp\/v2\/types\/post"}],"author":[{"embeddable":true,"href":"https:\/\/noticierotamaulipeco.info\/index.php?rest_route=\/wp\/v2\/users\/1"}],"replies":[{"embeddable":true,"href":"https:\/\/noticierotamaulipeco.info\/index.php?rest_route=%2Fwp%2Fv2%2Fcomments&post=1007"}],"version-history":[{"count":1,"href":"https:\/\/noticierotamaulipeco.info\/index.php?rest_route=\/wp\/v2\/posts\/1007\/revisions"}],"predecessor-version":[{"id":1009,"href":"https:\/\/noticierotamaulipeco.info\/index.php?rest_route=\/wp\/v2\/posts\/1007\/revisions\/1009"}],"wp:featuredmedia":[{"embeddable":true,"href":"https:\/\/noticierotamaulipeco.info\/index.php?rest_route=\/wp\/v2\/media\/1008"}],"wp:attachment":[{"href":"https:\/\/noticierotamaulipeco.info\/index.php?rest_route=%2Fwp%2Fv2%2Fmedia&parent=1007"}],"wp:term":[{"taxonomy":"category","embeddable":true,"href":"https:\/\/noticierotamaulipeco.info\/index.php?rest_route=%2Fwp%2Fv2%2Fcategories&post=1007"},{"taxonomy":"post_tag","embeddable":true,"href":"https:\/\/noticierotamaulipeco.info\/index.php?rest_route=%2Fwp%2Fv2%2Ftags&post=1007"}],"curies":[{"name":"wp","href":"https:\/\/api.w.org\/{rel}","templated":true}]}}