{"id":1010,"date":"2024-01-09T23:15:37","date_gmt":"2024-01-09T23:15:37","guid":{"rendered":"https:\/\/noticierotamaulipeco.info\/?p=1010"},"modified":"2024-01-10T23:18:14","modified_gmt":"2024-01-10T23:18:14","slug":"inicia-damaso-anaya-recorrido-por-facultades-de-la-uat","status":"publish","type":"post","link":"https:\/\/noticierotamaulipeco.info\/?p=1010","title":{"rendered":"Inicia D\u00e1maso Anaya recorrido por facultades de la UAT"},"content":{"rendered":"\n<figure class=\"wp-block-image size-large\"><img loading=\"lazy\" decoding=\"async\" width=\"1024\" height=\"682\" src=\"https:\/\/noticierotamaulipeco.info\/wp-content\/uploads\/2024\/01\/1-6-1024x682.jpeg\" alt=\"\" class=\"wp-image-1011\" srcset=\"https:\/\/noticierotamaulipeco.info\/wp-content\/uploads\/2024\/01\/1-6-1024x682.jpeg 1024w, https:\/\/noticierotamaulipeco.info\/wp-content\/uploads\/2024\/01\/1-6-300x200.jpeg 300w, https:\/\/noticierotamaulipeco.info\/wp-content\/uploads\/2024\/01\/1-6-768x512.jpeg 768w, https:\/\/noticierotamaulipeco.info\/wp-content\/uploads\/2024\/01\/1-6-1536x1023.jpeg 1536w, https:\/\/noticierotamaulipeco.info\/wp-content\/uploads\/2024\/01\/1-6.jpeg 1600w\" sizes=\"auto, (max-width: 1024px) 100vw, 1024px\" \/><\/figure>\n\n\n\n<p>Ciudad Victoria, Tam.; 9 de enero de 2024.<br><br>Con el prop\u00f3sito de establecer un di\u00e1logo con la comunidad universitaria y<br>conocer de primera mano sus propuestas y necesidades, el MVZ D\u00e1maso Anaya<br>Alvarado, rector de la Universidad Aut\u00f3noma de Tamaulipas (UAT), inici\u00f3 la Gira<br>Diagn\u00f3stico que plantea una serie de recorridos que estar\u00e1 efectuando en las<br>facultades, unidades acad\u00e9micas y escuelas preparatorias ubicadas en las<br>distintas sedes de la m\u00e1xima casa de estudios en el estado.<br>D\u00e1maso Anaya comenz\u00f3 su gira de trabajo este martes 9 de enero en la<br>Facultad de Ciencias de la Educaci\u00f3n y Humanidades (FCEH) del Centro<br>Universitario Victoria, en donde se reuni\u00f3 con la directiva de la instituci\u00f3n,<br>docentes y personal de las \u00e1reas acad\u00e9micas, de investigaci\u00f3n y vinculaci\u00f3n.<br>Por parte de la FCEH, la directora del plantel Dra. Elsa Fernanda Gonz\u00e1lez<br>Quintero, ofreci\u00f3 el mensaje de bienvenida y agradeci\u00f3 al rector por presidir este<br>acercamiento estrat\u00e9gico para conocer y fortalecer las necesidades universitarias.<br>En ese contexto, se expusieron detalles de los procesos de evaluaci\u00f3n y<br>acreditaci\u00f3n de los programas de licenciatura y posgrado, destac\u00e1ndose el<br>compromiso de docentes, investigadores e integrantes de cuerpos acad\u00e9micos por<br>contribuir a fortalecer el proyecto educativo para la transformaci\u00f3n de la UAT.<br>El rector D\u00e1maso Anaya reconoci\u00f3 el esfuerzo que realiza la FCEH en la<br>formaci\u00f3n de profesionales de excelencia en educaci\u00f3n, subrayando su respaldo a<br>iniciativas que contemplan la participaci\u00f3n de la UAT en las tareas emergentes de<br>la educaci\u00f3n y el desarrollo de la comunidad tamaulipeca.<br>En su primera visita a la FCEH, hizo un recorrido que incluy\u00f3 los<br>laboratorios, el comedor universitario, el centro de c\u00f3mputo y la unidad de<br>primeros auxilios. Adem\u00e1s, sostuvo reuniones con profesores y docentes,<br>estableciendo un di\u00e1logo directo para conocer sus inquietudes y propuestas.<br>Posteriormente, el MVZ D\u00e1maso Anaya Alvarado continu\u00f3 la Gira<br>Diagn\u00f3stico en la Facultad de Comercio y Administraci\u00f3n Victoria (FCAV), donde<\/p>\n\n\n\n<p>se reuni\u00f3 con la directiva, docentes y personal de esta dependencia universitaria.<br>El director de la FCAV, Dr. Jes\u00fas Gerardo Delgado Rivas ofreci\u00f3 la<br>bienvenida y present\u00f3 una exposici\u00f3n en las que se destacaron fortalezas y \u00e1reas<br>de oportunidad en los rubros de la docencia, servicios estudiantiles,<br>infraestructura, investigaci\u00f3n y posgrado, vinculaci\u00f3n social, p\u00fablica y empresarial,<br>entre otras \u00e1reas.<br>Dentro de las iniciativas presentadas al rector, se destacaron la<br>consolidaci\u00f3n del proyecto de Constancias Digitales para la agilizaci\u00f3n de tr\u00e1mites<br>acad\u00e9micos, el sistema de Indicadores Escolares para mejorar la calidad<br>educativa y propuestas de innovaci\u00f3n tecnol\u00f3gica para el \u00e1rea de biblioteca y la<br>gesti\u00f3n integral, orientada a optimizar recursos y facilitar procesos administrativos.<br>Posterior a dicha presentaci\u00f3n, D\u00e1maso Anaya hizo un recorrido por las<br>instalaciones y se reuni\u00f3 en un di\u00e1logo con representantes estudiantiles y el<br>claustro docente.<\/p>\n","protected":false},"excerpt":{"rendered":"<p>Ciudad Victoria, Tam.; 9 de enero de 2024. Con el prop\u00f3sito de establecer un di\u00e1logo&#8230;<\/p>\n","protected":false},"author":1,"featured_media":1011,"comment_status":"open","ping_status":"open","sticky":false,"template":"","format":"standard","meta":{"footnotes":""},"categories":[4],"tags":[],"class_list":["post-1010","post","type-post","status-publish","format-standard","has-post-thumbnail","hentry","category-educacion"],"_links":{"self":[{"href":"https:\/\/noticierotamaulipeco.info\/index.php?rest_route=\/wp\/v2\/posts\/1010","targetHints":{"allow":["GET"]}}],"collection":[{"href":"https:\/\/noticierotamaulipeco.info\/index.php?rest_route=\/wp\/v2\/posts"}],"about":[{"href":"https:\/\/noticierotamaulipeco.info\/index.php?rest_route=\/wp\/v2\/types\/post"}],"author":[{"embeddable":true,"href":"https:\/\/noticierotamaulipeco.info\/index.php?rest_route=\/wp\/v2\/users\/1"}],"replies":[{"embeddable":true,"href":"https:\/\/noticierotamaulipeco.info\/index.php?rest_route=%2Fwp%2Fv2%2Fcomments&post=1010"}],"version-history":[{"count":1,"href":"https:\/\/noticierotamaulipeco.info\/index.php?rest_route=\/wp\/v2\/posts\/1010\/revisions"}],"predecessor-version":[{"id":1012,"href":"https:\/\/noticierotamaulipeco.info\/index.php?rest_route=\/wp\/v2\/posts\/1010\/revisions\/1012"}],"wp:featuredmedia":[{"embeddable":true,"href":"https:\/\/noticierotamaulipeco.info\/index.php?rest_route=\/wp\/v2\/media\/1011"}],"wp:attachment":[{"href":"https:\/\/noticierotamaulipeco.info\/index.php?rest_route=%2Fwp%2Fv2%2Fmedia&parent=1010"}],"wp:term":[{"taxonomy":"category","embeddable":true,"href":"https:\/\/noticierotamaulipeco.info\/index.php?rest_route=%2Fwp%2Fv2%2Fcategories&post=1010"},{"taxonomy":"post_tag","embeddable":true,"href":"https:\/\/noticierotamaulipeco.info\/index.php?rest_route=%2Fwp%2Fv2%2Ftags&post=1010"}],"curies":[{"name":"wp","href":"https:\/\/api.w.org\/{rel}","templated":true}]}}