{"id":1026,"date":"2024-01-13T14:41:52","date_gmt":"2024-01-13T14:41:52","guid":{"rendered":"https:\/\/noticierotamaulipeco.info\/?p=1026"},"modified":"2024-01-15T14:46:36","modified_gmt":"2024-01-15T14:46:36","slug":"buscamos-asegurar-a-la-juventud-una-educacion-de-excelencia-damaso-anaya","status":"publish","type":"post","link":"https:\/\/noticierotamaulipeco.info\/?p=1026","title":{"rendered":"Buscamos asegurar a la juventud una educaci\u00f3n de excelencia: D\u00e1maso Anaya"},"content":{"rendered":"\n<figure class=\"wp-block-image size-large\"><img loading=\"lazy\" decoding=\"async\" width=\"1024\" height=\"628\" src=\"https:\/\/noticierotamaulipeco.info\/wp-content\/uploads\/2024\/01\/foto-6-1024x628.jpeg\" alt=\"\" class=\"wp-image-1028\" srcset=\"https:\/\/noticierotamaulipeco.info\/wp-content\/uploads\/2024\/01\/foto-6-1024x628.jpeg 1024w, https:\/\/noticierotamaulipeco.info\/wp-content\/uploads\/2024\/01\/foto-6-300x184.jpeg 300w, https:\/\/noticierotamaulipeco.info\/wp-content\/uploads\/2024\/01\/foto-6-768x471.jpeg 768w, https:\/\/noticierotamaulipeco.info\/wp-content\/uploads\/2024\/01\/foto-6-1536x943.jpeg 1536w, https:\/\/noticierotamaulipeco.info\/wp-content\/uploads\/2024\/01\/foto-6.jpeg 1600w\" sizes=\"auto, (max-width: 1024px) 100vw, 1024px\" \/><\/figure>\n\n\n\n<p>Nuevo Laredo, Tam.; 13 de enero de 2024.<br><\/p>\n\n\n\n<p>\uf0b7 Realiza el rector su primera gira de trabajo en las facultades de la UAT en<br>Nuevo Laredo.<\/p>\n\n\n\n<p>En su primera visita a las facultades de la zona norte del estado, como parte de la<br>gira Diagn\u00f3stico 2024 que realiza en las dependencias acad\u00e9micas de la<br>Universidad Aut\u00f3noma de Tamaulipas (UAT), el MVZ D\u00e1maso Anaya Alvarado<br>estuvo en Nuevo Laredo para sostener encuentros con las comunidades<br>universitarias de las Facultades de Comercio y Enfermer\u00eda en esta ciudad<br>fronteriza.<br>Durante su recorrido, el rector enfatiz\u00f3 que estas reuniones ser\u00e1n<br>fundamentales para identificar aspectos cruciales de la educaci\u00f3n superior que<br>ofrece la UAT en esta regi\u00f3n y en su oportunidad generar las acciones que<br>permitan asegurar una educaci\u00f3n humanista y de excelencia acad\u00e9mica.<br>En el inicio de sus actividades, se reuni\u00f3 en la Facultad de Comercio,<br>Administraci\u00f3n y Ciencias Sociales Nuevo Laredo con el director del plantel, Lic.<br>Ren\u00e9 Adri\u00e1n Salinas Salinas, as\u00ed como con cuerpos acad\u00e9micos, coordinadores<br>de carrera y representantes de la comunidad estudiantil.<br>Reiter\u00f3 D\u00e1maso Anaya el enfoque principal de esta primera reuni\u00f3n, para<br>conocer de primera mano el trabajo de las dependencias universitarias, sus<br>fortalezas y las oportunidades para seguir trabajando por una universidad que<br>trascienda e impacte positivamente en la sociedad.<br>El rector resalt\u00f3 el inter\u00e9s institucional de potenciar una educaci\u00f3n superior<br>globalmente relevante, buscando integrarse activamente en la din\u00e1mica social,<br>econ\u00f3mica y cultural de la regi\u00f3n. Adem\u00e1s, expres\u00f3 su compromiso con la<br>colaboraci\u00f3n binacional, preparando a los estudiantes para enfrentar los desaf\u00edos<\/p>\n\n\n\n<p>espec\u00edficos de la regi\u00f3n fronteriza.<br>El MVZ D\u00e1maso Anaya hizo un recorrido por las instalaciones de la<br>Facultad de Comercio de Nuevo Laredo, que comprenden el centro de lenguas,<br>adem\u00e1s de aulas interactivas y diversos espacios del plantel.<br>Posteriormente, se traslad\u00f3 a la Facultad de Enfermer\u00eda Nuevo Laredo,<br>donde fue recibido por la directora, Dra. Ver\u00f3nica Guajardo Balderas, cuerpo<br>docente y personal administrativo de esa instituci\u00f3n.<br>Durante la visita, se abordaron los indicadores clave de la Facultad, tales<br>como el desarrollo de habilidades cl\u00ednicas, \u00e9ticas y de comunicaci\u00f3n, as\u00ed como la<br>promoci\u00f3n de la investigaci\u00f3n en enfermer\u00eda y la participaci\u00f3n en la comunidad.<br>De igual manera, el rector Anaya Alvarado constat\u00f3 el funcionamiento de<br>los laboratorios de c\u00f3mputo, idiomas, enfermer\u00eda y quir\u00f3fano, los cuales son parte<br>fundamental para la pr\u00e1ctica y el fortalecimiento de la formaci\u00f3n profesional que<br>recibe el alumnado.<br>A lo largo de este recorrido, el rector reafirm\u00f3 su compromiso con el an\u00e1lisis<br>y mejora continua de las instalaciones, la vinculaci\u00f3n institucional y los programas<br>acad\u00e9micos, subrayando que, a trav\u00e9s de este esfuerzo, la Universidad Aut\u00f3noma<br>de Tamaulipas busca contribuir al desarrollo en la zona fronteriza, respondiendo a<br>las necesidades sociales y regionales con una visi\u00f3n internacional.<\/p>\n","protected":false},"excerpt":{"rendered":"<p>Nuevo Laredo, Tam.; 13 de enero de 2024. \uf0b7 Realiza el rector su primera gira&#8230;<\/p>\n","protected":false},"author":1,"featured_media":1028,"comment_status":"open","ping_status":"open","sticky":false,"template":"","format":"standard","meta":{"footnotes":""},"categories":[4],"tags":[],"class_list":["post-1026","post","type-post","status-publish","format-standard","has-post-thumbnail","hentry","category-educacion"],"_links":{"self":[{"href":"https:\/\/noticierotamaulipeco.info\/index.php?rest_route=\/wp\/v2\/posts\/1026","targetHints":{"allow":["GET"]}}],"collection":[{"href":"https:\/\/noticierotamaulipeco.info\/index.php?rest_route=\/wp\/v2\/posts"}],"about":[{"href":"https:\/\/noticierotamaulipeco.info\/index.php?rest_route=\/wp\/v2\/types\/post"}],"author":[{"embeddable":true,"href":"https:\/\/noticierotamaulipeco.info\/index.php?rest_route=\/wp\/v2\/users\/1"}],"replies":[{"embeddable":true,"href":"https:\/\/noticierotamaulipeco.info\/index.php?rest_route=%2Fwp%2Fv2%2Fcomments&post=1026"}],"version-history":[{"count":1,"href":"https:\/\/noticierotamaulipeco.info\/index.php?rest_route=\/wp\/v2\/posts\/1026\/revisions"}],"predecessor-version":[{"id":1029,"href":"https:\/\/noticierotamaulipeco.info\/index.php?rest_route=\/wp\/v2\/posts\/1026\/revisions\/1029"}],"wp:featuredmedia":[{"embeddable":true,"href":"https:\/\/noticierotamaulipeco.info\/index.php?rest_route=\/wp\/v2\/media\/1028"}],"wp:attachment":[{"href":"https:\/\/noticierotamaulipeco.info\/index.php?rest_route=%2Fwp%2Fv2%2Fmedia&parent=1026"}],"wp:term":[{"taxonomy":"category","embeddable":true,"href":"https:\/\/noticierotamaulipeco.info\/index.php?rest_route=%2Fwp%2Fv2%2Fcategories&post=1026"},{"taxonomy":"post_tag","embeddable":true,"href":"https:\/\/noticierotamaulipeco.info\/index.php?rest_route=%2Fwp%2Fv2%2Ftags&post=1026"}],"curies":[{"name":"wp","href":"https:\/\/api.w.org\/{rel}","templated":true}]}}