{"id":1033,"date":"2024-01-15T14:57:13","date_gmt":"2024-01-15T14:57:13","guid":{"rendered":"https:\/\/noticierotamaulipeco.info\/?p=1033"},"modified":"2024-01-15T14:57:38","modified_gmt":"2024-01-15T14:57:38","slug":"coordina-gobierno-de-tamaulipas-acciones-preventivas-ante-pronostico-de-bajas-temperaturas","status":"publish","type":"post","link":"https:\/\/noticierotamaulipeco.info\/?p=1033","title":{"rendered":"Coordina Gobierno de Tamaulipas acciones preventivas ante pron\u00f3stico de bajas temperaturas"},"content":{"rendered":"\n<figure class=\"wp-block-image size-full\"><img loading=\"lazy\" decoding=\"async\" width=\"320\" height=\"180\" src=\"https:\/\/noticierotamaulipeco.info\/wp-content\/uploads\/2024\/01\/th-5.jpg\" alt=\"\" class=\"wp-image-1034\" srcset=\"https:\/\/noticierotamaulipeco.info\/wp-content\/uploads\/2024\/01\/th-5.jpg 320w, https:\/\/noticierotamaulipeco.info\/wp-content\/uploads\/2024\/01\/th-5-300x169.jpg 300w\" sizes=\"auto, (max-width: 320px) 100vw, 320px\" \/><\/figure>\n\n\n\n<p><time datetime=\"2024-01-14T18:34:00-06:00\">15 enero, 2024<\/time><\/p>\n\n\n\n<p><strong>*Autoridades habilitar\u00e1n albergues; si el fr\u00edo baja a cero grados cent\u00edgrados se suspenden las clases<\/strong><\/p>\n\n\n\n<p>Ciudad Victoria, Tamaulipas. \u2013 El Gobierno de Tamaulipas preocupado por la salud y seguridad de las y los tamaulipecos y ante la llegada del frente fr\u00edo n\u00famero 27 que posiblemente traer\u00e1 para los municipios de la zona norte del estado y centro, principalmente, temperaturas g\u00e9lidas del \u00e1rtico con valores de 0\u00b0 grados cent\u00edgrados, dio a conocer una serie de acciones de manera coordinada entre autoridades de la Secretar\u00eda de Salud, Educaci\u00f3n y la Coordinaci\u00f3n Estatal de Protecci\u00f3n Civil.<\/p>\n\n\n\n<p>En caso de que se registren temperaturas por abajo de los 5 grados cent\u00edgrados, quedar\u00e1 a consideraci\u00f3n de los padres de familia enviar a sus hijos a clases.<\/p>\n\n\n\n<p>Se inform\u00f3 que a partir de los cero grados cent\u00edgrados quedar\u00e1 oficialmente suspendida la jornada en todos los planteles de educaci\u00f3n b\u00e1sica.<\/p>\n\n\n\n<p>Asimismo, la Coordinaci\u00f3n Estatal de Protecci\u00f3n Civil dio a conocer que se han habilitado albergues en coordinaci\u00f3n con las y los presidentes municipales para refugiar de las inclemencias del tiempo a personas en condiciones de vulnerabilidad que lo requieran.<\/p>\n\n\n\n<p>La dependencia estatal recomend\u00f3 a toda la poblaci\u00f3n tomar las medidas necesarias y estar atentos a la informaci\u00f3n meteorol\u00f3gica que se genere a trav\u00e9s de los medios oficiales.<\/p>\n\n\n\n<p>De acuerdo al pron\u00f3stico, hay probabilidad de lloviznas, aguanieve y\/o \u201cgraupel\u201d, y evento \u201cnorte\u201d con r\u00e1fagas de 45-65 km\/h y velocidades de 80-100 km\/h en el Golfo de M\u00e9xico, heladas y fuerte descenso t\u00e9rmico.<\/p>\n\n\n\n<p>Ser\u00e1 la tarde noche de este domingo que ingrese este Frente Fr\u00edo a la Frontera Chica con sensaciones t\u00e9rmicas que podr\u00edan llegar de -3 a -6 grados cent\u00edgrados.<\/p>\n\n\n\n<p>Para la zona centro, ser\u00e1 ma\u00f1ana lunes por la tarde cuando empiecen a sentirse los efectos de este fen\u00f3meno siendo el martes y mi\u00e9rcoles cuando se registren sensaciones t\u00e9rmicas que podr\u00edan llegar a -1 y -4 grados cent\u00edgrados.<\/p>\n\n\n\n<p>Mientras que, para la zona sur de la entidad, ser\u00e1 la noche del lunes cuando llegue el Frente Fr\u00edo con los vientos del norte y sensaciones t\u00e9rmicas de 3 a 6 grados cent\u00edgrados.<\/p>\n\n\n\n<p>En Tamaulipas, los efectos se extender\u00e1n hasta el mi\u00e9rcoles.<\/p>\n","protected":false},"excerpt":{"rendered":"<p>15 enero, 2024 *Autoridades habilitar\u00e1n albergues; si el fr\u00edo baja a cero grados cent\u00edgrados se&#8230;<\/p>\n","protected":false},"author":1,"featured_media":1034,"comment_status":"open","ping_status":"open","sticky":false,"template":"","format":"standard","meta":{"footnotes":""},"categories":[2],"tags":[],"class_list":["post-1033","post","type-post","status-publish","format-standard","has-post-thumbnail","hentry","category-tamaulipas"],"_links":{"self":[{"href":"https:\/\/noticierotamaulipeco.info\/index.php?rest_route=\/wp\/v2\/posts\/1033","targetHints":{"allow":["GET"]}}],"collection":[{"href":"https:\/\/noticierotamaulipeco.info\/index.php?rest_route=\/wp\/v2\/posts"}],"about":[{"href":"https:\/\/noticierotamaulipeco.info\/index.php?rest_route=\/wp\/v2\/types\/post"}],"author":[{"embeddable":true,"href":"https:\/\/noticierotamaulipeco.info\/index.php?rest_route=\/wp\/v2\/users\/1"}],"replies":[{"embeddable":true,"href":"https:\/\/noticierotamaulipeco.info\/index.php?rest_route=%2Fwp%2Fv2%2Fcomments&post=1033"}],"version-history":[{"count":1,"href":"https:\/\/noticierotamaulipeco.info\/index.php?rest_route=\/wp\/v2\/posts\/1033\/revisions"}],"predecessor-version":[{"id":1035,"href":"https:\/\/noticierotamaulipeco.info\/index.php?rest_route=\/wp\/v2\/posts\/1033\/revisions\/1035"}],"wp:featuredmedia":[{"embeddable":true,"href":"https:\/\/noticierotamaulipeco.info\/index.php?rest_route=\/wp\/v2\/media\/1034"}],"wp:attachment":[{"href":"https:\/\/noticierotamaulipeco.info\/index.php?rest_route=%2Fwp%2Fv2%2Fmedia&parent=1033"}],"wp:term":[{"taxonomy":"category","embeddable":true,"href":"https:\/\/noticierotamaulipeco.info\/index.php?rest_route=%2Fwp%2Fv2%2Fcategories&post=1033"},{"taxonomy":"post_tag","embeddable":true,"href":"https:\/\/noticierotamaulipeco.info\/index.php?rest_route=%2Fwp%2Fv2%2Ftags&post=1033"}],"curies":[{"name":"wp","href":"https:\/\/api.w.org\/{rel}","templated":true}]}}