{"id":1041,"date":"2024-01-17T17:49:01","date_gmt":"2024-01-17T17:49:01","guid":{"rendered":"https:\/\/noticierotamaulipeco.info\/?p=1041"},"modified":"2024-02-01T17:52:29","modified_gmt":"2024-02-01T17:52:29","slug":"damaso-anaya-fortalece-vinculos-con-universitarios-de-la-uat-campus-mante","status":"publish","type":"post","link":"https:\/\/noticierotamaulipeco.info\/?p=1041","title":{"rendered":"D\u00e1maso Anaya fortalece v\u00ednculos con universitarios de la UAT Campus Mante"},"content":{"rendered":"\n<figure class=\"wp-block-image size-large\"><img loading=\"lazy\" decoding=\"async\" width=\"1024\" height=\"768\" src=\"https:\/\/noticierotamaulipeco.info\/wp-content\/uploads\/2024\/02\/2-11-1024x768.jpeg\" alt=\"\" class=\"wp-image-1042\" srcset=\"https:\/\/noticierotamaulipeco.info\/wp-content\/uploads\/2024\/02\/2-11-1024x768.jpeg 1024w, https:\/\/noticierotamaulipeco.info\/wp-content\/uploads\/2024\/02\/2-11-300x225.jpeg 300w, https:\/\/noticierotamaulipeco.info\/wp-content\/uploads\/2024\/02\/2-11-768x576.jpeg 768w, https:\/\/noticierotamaulipeco.info\/wp-content\/uploads\/2024\/02\/2-11-1536x1152.jpeg 1536w, https:\/\/noticierotamaulipeco.info\/wp-content\/uploads\/2024\/02\/2-11.jpeg 1600w\" sizes=\"auto, (max-width: 1024px) 100vw, 1024px\" \/><\/figure>\n\n\n\n<p>Ciudad Mante, Tam.; 17 de enero de 2024.<br><\/p>\n\n\n\n<p>La comunidad universitaria del Campus Mante recibi\u00f3 con gran j\u00fabilo al MVZ<br>D\u00e1maso Anaya Alvarado, quien sostuvo un encuentro con estudiantes, docentes y<br>personal directivo de las sedes acad\u00e9micas de la Universidad Aut\u00f3noma de<br>Tamaulipas (UAT) en esta regi\u00f3n del estado.<br>El rector de la UAT continu\u00f3 en Ciudad Mante la gira de diagn\u00f3stico que<br>comprende un recorrido por las facultades, unidades acad\u00e9micas y escuelas,<br>donde ha hecho patente el compromiso con la excelencia acad\u00e9mica y reafirmado<br>su inter\u00e9s genuino en comprender las necesidades y aspiraciones de la juventud<br>universitaria y de sus docentes.<br>En ese contexto, la ma\u00f1ana del martes 16 de enero inici\u00f3 su agenda de<br>trabajo en la Escuela Preparatoria Mante (EPM) en medio de una entusiasta<br>bienvenida que le brind\u00f3 la comunidad de esa instituci\u00f3n del nivel medio superior<br>dirigida por la Mtra. Ma. del Pilar Garza Aguilar.<br>En su visita, D\u00e1maso Anaya convivi\u00f3 en distintos momentos y escenarios<br>con los estudiantes, teniendo un encuentro directo que resalt\u00f3 la conexi\u00f3n entre el<br>l\u00edder universitario y el alumnado que conforma la esencia de esta casa de<br>estudios; tambi\u00e9n se reuni\u00f3 con el claustro docente en un provechoso di\u00e1logo que<br>permiti\u00f3 conocer una serie de temas encaminados a fortalecer la educaci\u00f3n<br>integral y human\u00edstica de los cientos de j\u00f3venes que aqu\u00ed se preparan.<br>Durante esta primera visita a la Escuela Preparatoria Mante se resaltaron<br>actividades y talleres que ah\u00ed se ofrecen, desde expresiones art\u00edsticas como<br>m\u00fasica y pintura hasta aquellos de formaci\u00f3n personal como el club de lectura,<br>deportes, brigadas de primeros auxilios e iniciativas del \u00e1mbito ecol\u00f3gico.<br>Por la tarde, el MVZ Anaya Alvarado asisti\u00f3 a la Unidad Acad\u00e9mica<br>Multidisciplinaria Mante (UAM-Mante), donde realiz\u00f3 un recorrido por las<\/p>\n\n\n\n<p>instalaciones, profundizando en la infraestructura de esta dependencia<br>universitaria, y estableci\u00f3 di\u00e1logos significativos con estudiantes, docentes e<br>investigadores.<\/p>\n\n\n\n<p>El rector enfatiz\u00f3 que su gesti\u00f3n se distinguir\u00e1 por el respeto al alumnado y<br>reafirm\u00f3 su compromiso de fomentar la investigaci\u00f3n, la formaci\u00f3n acad\u00e9mica de<br>excelencia y la vinculaci\u00f3n estrat\u00e9gica. Destac\u00f3 tambi\u00e9n la importancia de<br>consolidar los \u00e9xitos acad\u00e9micos que distinguen a la UAT, as\u00ed como la oferta<br>educativa que impulsa el desarrollo en la regi\u00f3n de El Mante y esa zona del sur de<br>Tamaulipas.<br>En l\u00ednea con su visi\u00f3n institucional, Anaya Alvarado subray\u00f3 el papel crucial<br>en la generaci\u00f3n de conocimiento a trav\u00e9s de la investigaci\u00f3n, as\u00ed como en la<br>formaci\u00f3n de profesionales capaces de afrontar los retos en disciplinas que<br>abarcan campos como las ciencias sociales, ingenier\u00eda, tecnolog\u00eda, salud y otras<br>que consolidan el compromiso de ofrecer una educaci\u00f3n de excelencia.<\/p>\n","protected":false},"excerpt":{"rendered":"<p>Ciudad Mante, Tam.; 17 de enero de 2024. La comunidad universitaria del Campus Mante recibi\u00f3&#8230;<\/p>\n","protected":false},"author":1,"featured_media":1042,"comment_status":"open","ping_status":"open","sticky":false,"template":"","format":"standard","meta":{"footnotes":""},"categories":[4],"tags":[],"class_list":["post-1041","post","type-post","status-publish","format-standard","has-post-thumbnail","hentry","category-educacion"],"_links":{"self":[{"href":"https:\/\/noticierotamaulipeco.info\/index.php?rest_route=\/wp\/v2\/posts\/1041","targetHints":{"allow":["GET"]}}],"collection":[{"href":"https:\/\/noticierotamaulipeco.info\/index.php?rest_route=\/wp\/v2\/posts"}],"about":[{"href":"https:\/\/noticierotamaulipeco.info\/index.php?rest_route=\/wp\/v2\/types\/post"}],"author":[{"embeddable":true,"href":"https:\/\/noticierotamaulipeco.info\/index.php?rest_route=\/wp\/v2\/users\/1"}],"replies":[{"embeddable":true,"href":"https:\/\/noticierotamaulipeco.info\/index.php?rest_route=%2Fwp%2Fv2%2Fcomments&post=1041"}],"version-history":[{"count":1,"href":"https:\/\/noticierotamaulipeco.info\/index.php?rest_route=\/wp\/v2\/posts\/1041\/revisions"}],"predecessor-version":[{"id":1043,"href":"https:\/\/noticierotamaulipeco.info\/index.php?rest_route=\/wp\/v2\/posts\/1041\/revisions\/1043"}],"wp:featuredmedia":[{"embeddable":true,"href":"https:\/\/noticierotamaulipeco.info\/index.php?rest_route=\/wp\/v2\/media\/1042"}],"wp:attachment":[{"href":"https:\/\/noticierotamaulipeco.info\/index.php?rest_route=%2Fwp%2Fv2%2Fmedia&parent=1041"}],"wp:term":[{"taxonomy":"category","embeddable":true,"href":"https:\/\/noticierotamaulipeco.info\/index.php?rest_route=%2Fwp%2Fv2%2Fcategories&post=1041"},{"taxonomy":"post_tag","embeddable":true,"href":"https:\/\/noticierotamaulipeco.info\/index.php?rest_route=%2Fwp%2Fv2%2Ftags&post=1041"}],"curies":[{"name":"wp","href":"https:\/\/api.w.org\/{rel}","templated":true}]}}