{"id":1110,"date":"2024-02-05T18:41:10","date_gmt":"2024-02-05T18:41:10","guid":{"rendered":"https:\/\/noticierotamaulipeco.info\/?p=1110"},"modified":"2024-02-06T18:41:53","modified_gmt":"2024-02-06T18:41:53","slug":"acude-gobernador-americo-villareal-a-conmemoracion-de-nuestra-constitucion-mexicana","status":"publish","type":"post","link":"https:\/\/noticierotamaulipeco.info\/?p=1110","title":{"rendered":"Acude Gobernador Am\u00e9rico Villareal a conmemoraci\u00f3n de nuestra Constituci\u00f3n Mexicana"},"content":{"rendered":"\n<p><a href=\"https:\/\/agenciadenoticias.info\/?p=1624\"><time datetime=\"2024-02-05T18:27:24+00:00\">5 Febrero, 2024<\/time><\/a><\/p>\n\n\n\n<figure class=\"wp-block-image\"><img decoding=\"async\" src=\"https:\/\/agenciadenoticias.info\/wp-content\/uploads\/2024\/02\/AMERICO-constitucion.jpg\" alt=\"\"\/><\/figure>\n\n\n\n<figure class=\"wp-block-image\"><img decoding=\"async\" src=\"https:\/\/agenciadenoticias.info\/wp-content\/uploads\/2024\/02\/AMERICO-constitucion.jpg\" alt=\"\" class=\"wp-image-1625\"\/><\/figure>\n\n\n\n<p>Gobernador de Tamaulipas presente en la ceremonia por el 107 Aniversario de su promulgaci\u00f3n Hoy 5 de Febrero del 2024.<\/p>\n\n\n\n<p>Hoy conmemoramos con orgullo el 107 Aniversario de la promulgaci\u00f3n de nuestra Constituci\u00f3n Mexicana, un momento crucial que marc\u00f3 el camino hacia la justicia y los derechos para todos los mexicanos.<\/p>\n\n\n\n<p>Justo aqu\u00ed mismo donde nos dimos cita, en el Teatro de la Rep\u00fablica en Quer\u00e9taro, se gestaron los ideales que nos unen como naci\u00f3n, gracias al esfuerzo y visi\u00f3n de l\u00edderes como Venustiano Carranza.<\/p>\n\n\n\n<p>Sigamos defendiendo nuestros valores como soberanos, honrando nuestra historia y construyendo un futuro de igualdad y prosperidad para todos.<\/p>\n\n\n\n<p>La Constituci\u00f3n nos obliga a seguirla defendiendo y que sepan que en el estado de Tamaulipas existe un gobierno que la har\u00e1 cumplir con todos los compromisos que de ella emanan con la educaci\u00f3n, soberan\u00eda nacional, empresas de propiedad nacional, preferencia a los m\u00e1s pobres, a la justicia social y a los valores que recoge el humanismo mexicano, entre otro m\u00e1s.<\/p>\n","protected":false},"excerpt":{"rendered":"<p>5 Febrero, 2024 Gobernador de Tamaulipas presente en la ceremonia por el 107 Aniversario de&#8230;<\/p>\n","protected":false},"author":1,"featured_media":1111,"comment_status":"open","ping_status":"open","sticky":true,"template":"","format":"standard","meta":{"footnotes":""},"categories":[2],"tags":[],"class_list":["post-1110","post","type-post","status-publish","format-standard","has-post-thumbnail","hentry","category-tamaulipas"],"_links":{"self":[{"href":"https:\/\/noticierotamaulipeco.info\/index.php?rest_route=\/wp\/v2\/posts\/1110","targetHints":{"allow":["GET"]}}],"collection":[{"href":"https:\/\/noticierotamaulipeco.info\/index.php?rest_route=\/wp\/v2\/posts"}],"about":[{"href":"https:\/\/noticierotamaulipeco.info\/index.php?rest_route=\/wp\/v2\/types\/post"}],"author":[{"embeddable":true,"href":"https:\/\/noticierotamaulipeco.info\/index.php?rest_route=\/wp\/v2\/users\/1"}],"replies":[{"embeddable":true,"href":"https:\/\/noticierotamaulipeco.info\/index.php?rest_route=%2Fwp%2Fv2%2Fcomments&post=1110"}],"version-history":[{"count":1,"href":"https:\/\/noticierotamaulipeco.info\/index.php?rest_route=\/wp\/v2\/posts\/1110\/revisions"}],"predecessor-version":[{"id":1112,"href":"https:\/\/noticierotamaulipeco.info\/index.php?rest_route=\/wp\/v2\/posts\/1110\/revisions\/1112"}],"wp:featuredmedia":[{"embeddable":true,"href":"https:\/\/noticierotamaulipeco.info\/index.php?rest_route=\/wp\/v2\/media\/1111"}],"wp:attachment":[{"href":"https:\/\/noticierotamaulipeco.info\/index.php?rest_route=%2Fwp%2Fv2%2Fmedia&parent=1110"}],"wp:term":[{"taxonomy":"category","embeddable":true,"href":"https:\/\/noticierotamaulipeco.info\/index.php?rest_route=%2Fwp%2Fv2%2Fcategories&post=1110"},{"taxonomy":"post_tag","embeddable":true,"href":"https:\/\/noticierotamaulipeco.info\/index.php?rest_route=%2Fwp%2Fv2%2Ftags&post=1110"}],"curies":[{"name":"wp","href":"https:\/\/api.w.org\/{rel}","templated":true}]}}