{"id":1113,"date":"2024-02-06T13:14:39","date_gmt":"2024-02-06T13:14:39","guid":{"rendered":"https:\/\/noticierotamaulipeco.info\/?p=1113"},"modified":"2024-02-14T16:13:57","modified_gmt":"2024-02-14T16:13:57","slug":"aplicaran-en-reynosa-examen-unico-para-que-adultos-finalicen-educacion-basica","status":"publish","type":"post","link":"https:\/\/noticierotamaulipeco.info\/?p=1113","title":{"rendered":"Aplicar\u00e1n en Reynosa examen \u00fanico para que adultos finalicen educaci\u00f3n b\u00e1sica"},"content":{"rendered":"\n<p>Esta jornada est\u00e1 enfocada a rescatar a las personas que ya hab\u00edan acudido al ITEA<\/p>\n\n\n\n<figure class=\"wp-block-image size-full\"><img loading=\"lazy\" decoding=\"async\" width=\"628\" height=\"524\" src=\"https:\/\/noticierotamaulipeco.info\/wp-content\/uploads\/2024\/02\/itea.jpg\" alt=\"\" class=\"wp-image-1114\" srcset=\"https:\/\/noticierotamaulipeco.info\/wp-content\/uploads\/2024\/02\/itea.jpg 628w, https:\/\/noticierotamaulipeco.info\/wp-content\/uploads\/2024\/02\/itea-300x250.jpg 300w\" sizes=\"auto, (max-width: 628px) 100vw, 628px\" \/><\/figure>\n\n\n\n<p><strong>Reynosa<\/strong>, Tam.- Se realizar\u00e1 la primera jornada estatal del a\u00f1o para que ciudadanos terminen la\u00a0<strong>educaci\u00f3n b\u00e1sica<\/strong>\u00a0en\u00a0dicho municipio.<\/p>\n\n\n\n<p>La jornada se efectuar\u00e1 del 13 al 25 de febrero, con un examen \u00fanico para poder&nbsp;<strong>concluir primaria o secundaria.<\/strong><\/p>\n\n\n\n<ul class=\"wp-block-list\">\n<li>Sadot Lara, Coordinador del Instituto&nbsp; Tamaulipeco de Educaci\u00f3n para los Adultos&nbsp; en&nbsp;<strong>Reynosa<\/strong>, coment\u00f3 que esta jornada va enfocada en rescatar a las personas que ya hab\u00edan acudido al ITEA, pero que por alguna raz\u00f3n dejaron de estudiar.<\/li>\n<\/ul>\n\n\n\n<p>Explico que los interesados deben acudir a la calle Pedro J. M\u00e9ndez, 360 altos en la zona centro; todo el servicio que se ofrece es gratuito.<\/p>\n","protected":false},"excerpt":{"rendered":"<p>Esta jornada est\u00e1 enfocada a rescatar a las personas que ya hab\u00edan acudido al ITEA&#8230;<\/p>\n","protected":false},"author":1,"featured_media":1114,"comment_status":"open","ping_status":"open","sticky":true,"template":"","format":"standard","meta":{"footnotes":""},"categories":[2],"tags":[],"class_list":["post-1113","post","type-post","status-publish","format-standard","has-post-thumbnail","hentry","category-tamaulipas"],"_links":{"self":[{"href":"https:\/\/noticierotamaulipeco.info\/index.php?rest_route=\/wp\/v2\/posts\/1113","targetHints":{"allow":["GET"]}}],"collection":[{"href":"https:\/\/noticierotamaulipeco.info\/index.php?rest_route=\/wp\/v2\/posts"}],"about":[{"href":"https:\/\/noticierotamaulipeco.info\/index.php?rest_route=\/wp\/v2\/types\/post"}],"author":[{"embeddable":true,"href":"https:\/\/noticierotamaulipeco.info\/index.php?rest_route=\/wp\/v2\/users\/1"}],"replies":[{"embeddable":true,"href":"https:\/\/noticierotamaulipeco.info\/index.php?rest_route=%2Fwp%2Fv2%2Fcomments&post=1113"}],"version-history":[{"count":1,"href":"https:\/\/noticierotamaulipeco.info\/index.php?rest_route=\/wp\/v2\/posts\/1113\/revisions"}],"predecessor-version":[{"id":1115,"href":"https:\/\/noticierotamaulipeco.info\/index.php?rest_route=\/wp\/v2\/posts\/1113\/revisions\/1115"}],"wp:featuredmedia":[{"embeddable":true,"href":"https:\/\/noticierotamaulipeco.info\/index.php?rest_route=\/wp\/v2\/media\/1114"}],"wp:attachment":[{"href":"https:\/\/noticierotamaulipeco.info\/index.php?rest_route=%2Fwp%2Fv2%2Fmedia&parent=1113"}],"wp:term":[{"taxonomy":"category","embeddable":true,"href":"https:\/\/noticierotamaulipeco.info\/index.php?rest_route=%2Fwp%2Fv2%2Fcategories&post=1113"},{"taxonomy":"post_tag","embeddable":true,"href":"https:\/\/noticierotamaulipeco.info\/index.php?rest_route=%2Fwp%2Fv2%2Ftags&post=1113"}],"curies":[{"name":"wp","href":"https:\/\/api.w.org\/{rel}","templated":true}]}}