{"id":1143,"date":"2024-02-09T21:16:00","date_gmt":"2024-02-09T21:16:00","guid":{"rendered":"https:\/\/noticierotamaulipeco.info\/?p=1143"},"modified":"2024-02-14T16:17:47","modified_gmt":"2024-02-14T16:17:47","slug":"damaso-anaya-asume-rectoria-de-la-uat-para-el-periodo-2024","status":"publish","type":"post","link":"https:\/\/noticierotamaulipeco.info\/?p=1143","title":{"rendered":"D\u00e1maso Anaya asume rector\u00eda de la UAT para el per\u00edodo 2024-"},"content":{"rendered":"\n<p>2028<\/p>\n\n\n\n<figure class=\"wp-block-image size-large\"><img loading=\"lazy\" decoding=\"async\" width=\"1024\" height=\"582\" src=\"https:\/\/noticierotamaulipeco.info\/wp-content\/uploads\/2024\/02\/2-35-1024x582.jpg\" alt=\"\" class=\"wp-image-1144\" srcset=\"https:\/\/noticierotamaulipeco.info\/wp-content\/uploads\/2024\/02\/2-35-1024x582.jpg 1024w, https:\/\/noticierotamaulipeco.info\/wp-content\/uploads\/2024\/02\/2-35-300x171.jpg 300w, https:\/\/noticierotamaulipeco.info\/wp-content\/uploads\/2024\/02\/2-35-768x437.jpg 768w, https:\/\/noticierotamaulipeco.info\/wp-content\/uploads\/2024\/02\/2-35-1536x873.jpg 1536w, https:\/\/noticierotamaulipeco.info\/wp-content\/uploads\/2024\/02\/2-35.jpg 1998w\" sizes=\"auto, (max-width: 1024px) 100vw, 1024px\" \/><\/figure>\n\n\n\n<p>Ciudad Victoria, Tamaulipas; 9 de febrero de 2024.<br>D\u00e1maso Anaya asume rector\u00eda de la UAT para el per\u00edodo 2024-2028<\/p>\n\n\n\n<ul class=\"wp-block-list\">\n<li>El proceso democr\u00e1tico ha fortalecido la unidad universitaria y sumar\u00e1<br>todos los esfuerzos para avanzar en la transformaci\u00f3n y la excelencia acad\u00e9mica<br>de la m\u00e1xima casa de estudios de Tamaulipas.<\/li>\n\n\n\n<li>La Asamblea Universitaria le entrega constancia que lo acredita para<br>dirigir a la UAT por el per\u00edodo 2024-2028.<\/li>\n<\/ul>\n\n\n\n<p>La Asamblea Universitaria declar\u00f3 al MVZ D\u00e1maso Leonardo Anaya Alvarado<br>como rector de la Universidad Aut\u00f3noma de Tamaulipas (UAT) y le hizo entrega de<br>la constancia que lo acredita para dirigir a la m\u00e1xima casa de estudios de<br>Tamaulipas durante el per\u00edodo 2024-2028.<br>En la sesi\u00f3n extraordinaria, realizada en el Centro de Excelencia del<br>Campus Victoria, la Asamblea Universitaria, por conducto de la Junta Permanente,<br>en funciones de colegio electoral, present\u00f3 los resultados del c\u00f3mputo general de<br>la votaci\u00f3n para la elecci\u00f3n rectoral realizada el pasado 7 de febrero, en las<br>veintis\u00e9is dependencias acad\u00e9micas de la UAT.<br>El \u00f3rgano colegiado inform\u00f3 que la jornada se realiz\u00f3 sin incidentes y en un<br>ambiente de civilidad y madurez pol\u00edtica de la comunidad universitaria.&nbsp;<br>Una vez que la Asamblea aprob\u00f3 el dictamen y procedimientos apegados al<br>Estatuto Org\u00e1nico de la Universidad, D\u00e1maso Anaya hizo uso de la palabra para<br>agradecer a la comunidad estudiantil y docente, as\u00ed como a directoras y directores<br>de los planteles universitarios, su respaldo y confianza para encabezar la rector\u00eda.<\/p>\n\n\n\n<p>&#8220;Quiero iniciar expresando mi m\u00e1s sincero agradecimiento a cada uno de<br>ustedes: docentes, alumnos, investigadores y personal administrativo por la<\/p>\n\n\n\n<p>confianza y el respaldo que han depositado en m\u00ed para guiar a nuestra estimada<br>instituci\u00f3n hacia nuevos horizontes&#8221;, expres\u00f3.<br>Subray\u00f3 tambi\u00e9n el respaldo que le otorg\u00f3 la comunidad estudiantil: \u201cLa<br>unidad universitaria ser\u00e1 el cimiento sobre el cual impulsaremos una educaci\u00f3n<br>humanista que responda a los desaf\u00edos de nuestro tiempo\u201d, dijo.<br>De igual manera, agradeci\u00f3 el apoyo de maestras y maestros: \u201cQuiero<br>invitarlos a todas y todos a unirse a este esfuerzo colectivo. Solo a trav\u00e9s de la<br>colaboraci\u00f3n y compromiso conjunto podremos alcanzar las metas que nos<br>planteamos\u201d, agreg\u00f3.&nbsp;<br>Reiter\u00f3 el compromiso de trabajar con la comunidad universitaria para<br>diagnosticar y explorar propuestas y oportunidades en la construcci\u00f3n de un plan<br>de acci\u00f3n que sume voluntades e ideas de todos los universitarios.<br>En su mensaje, D\u00e1maso Anaya asegur\u00f3 estar convencido de que \u201cjuntos<br>lograremos hacer de nuestra Universidad un referente nacional e internacional en<br>la educaci\u00f3n humanista, la equidad de g\u00e9nero y la excelencia acad\u00e9mica&#8221;,<br>concluy\u00f3.<br>Por otro lado, el rector aprovech\u00f3 la ocasi\u00f3n para expresar su profundo<br>reconocimiento y respeto hacia la Mtra. Juana Maribel Sober\u00f3n Garc\u00eda por su<br>valiosa contribuci\u00f3n y compromiso en este proceso electoral, el cual es in\u00e9dito en<br>la historia de la UAT al registrar por primera vez la participaci\u00f3n de una mujer, y<br>m\u00e1s en una candidatura a la rector\u00eda.<\/p>\n","protected":false},"excerpt":{"rendered":"<p>2028 Ciudad Victoria, Tamaulipas; 9 de febrero de 2024.D\u00e1maso Anaya asume rector\u00eda de la UAT&#8230;<\/p>\n","protected":false},"author":1,"featured_media":1144,"comment_status":"open","ping_status":"open","sticky":false,"template":"","format":"standard","meta":{"footnotes":""},"categories":[4],"tags":[],"class_list":["post-1143","post","type-post","status-publish","format-standard","has-post-thumbnail","hentry","category-educacion"],"_links":{"self":[{"href":"https:\/\/noticierotamaulipeco.info\/index.php?rest_route=\/wp\/v2\/posts\/1143","targetHints":{"allow":["GET"]}}],"collection":[{"href":"https:\/\/noticierotamaulipeco.info\/index.php?rest_route=\/wp\/v2\/posts"}],"about":[{"href":"https:\/\/noticierotamaulipeco.info\/index.php?rest_route=\/wp\/v2\/types\/post"}],"author":[{"embeddable":true,"href":"https:\/\/noticierotamaulipeco.info\/index.php?rest_route=\/wp\/v2\/users\/1"}],"replies":[{"embeddable":true,"href":"https:\/\/noticierotamaulipeco.info\/index.php?rest_route=%2Fwp%2Fv2%2Fcomments&post=1143"}],"version-history":[{"count":1,"href":"https:\/\/noticierotamaulipeco.info\/index.php?rest_route=\/wp\/v2\/posts\/1143\/revisions"}],"predecessor-version":[{"id":1145,"href":"https:\/\/noticierotamaulipeco.info\/index.php?rest_route=\/wp\/v2\/posts\/1143\/revisions\/1145"}],"wp:featuredmedia":[{"embeddable":true,"href":"https:\/\/noticierotamaulipeco.info\/index.php?rest_route=\/wp\/v2\/media\/1144"}],"wp:attachment":[{"href":"https:\/\/noticierotamaulipeco.info\/index.php?rest_route=%2Fwp%2Fv2%2Fmedia&parent=1143"}],"wp:term":[{"taxonomy":"category","embeddable":true,"href":"https:\/\/noticierotamaulipeco.info\/index.php?rest_route=%2Fwp%2Fv2%2Fcategories&post=1143"},{"taxonomy":"post_tag","embeddable":true,"href":"https:\/\/noticierotamaulipeco.info\/index.php?rest_route=%2Fwp%2Fv2%2Ftags&post=1143"}],"curies":[{"name":"wp","href":"https:\/\/api.w.org\/{rel}","templated":true}]}}