{"id":1162,"date":"2024-02-19T16:17:17","date_gmt":"2024-02-19T16:17:17","guid":{"rendered":"https:\/\/noticierotamaulipeco.info\/?p=1162"},"modified":"2024-02-19T16:17:17","modified_gmt":"2024-02-19T16:17:17","slug":"el-rector-damaso-anaya-refuerza-la-vinculacion-de-la-uat-con-asociaciones-de-educacion-superior","status":"publish","type":"post","link":"https:\/\/noticierotamaulipeco.info\/?p=1162","title":{"rendered":"El Rector D\u00e1maso Anaya Refuerza La Vinculaci\u00f3n De La UAT Con Asociaciones De Educaci\u00f3n Superior"},"content":{"rendered":"\n<p>19 de febrero 2024<\/p>\n\n\n\n<figure class=\"wp-block-image size-large\"><img loading=\"lazy\" decoding=\"async\" width=\"819\" height=\"1024\" src=\"https:\/\/noticierotamaulipeco.info\/wp-content\/uploads\/2024\/02\/428172307_897421262387751_6167237292034988203_n-1-819x1024.jpg\" alt=\"\" class=\"wp-image-1163\" srcset=\"https:\/\/noticierotamaulipeco.info\/wp-content\/uploads\/2024\/02\/428172307_897421262387751_6167237292034988203_n-1-819x1024.jpg 819w, https:\/\/noticierotamaulipeco.info\/wp-content\/uploads\/2024\/02\/428172307_897421262387751_6167237292034988203_n-1-240x300.jpg 240w, https:\/\/noticierotamaulipeco.info\/wp-content\/uploads\/2024\/02\/428172307_897421262387751_6167237292034988203_n-1-768x960.jpg 768w, https:\/\/noticierotamaulipeco.info\/wp-content\/uploads\/2024\/02\/428172307_897421262387751_6167237292034988203_n-1.jpg 960w\" sizes=\"auto, (max-width: 819px) 100vw, 819px\" \/><\/figure>\n\n\n\n<p>Como parte de su agenda de trabajo para fortalecer la vinculaci\u00f3n de la<br>Universidad Aut\u00f3noma de Tamaulipas (UAT) con el sector educativo, el rector,<br>MVZ D\u00e1maso Leonardo Anaya Alvarado, se reuni\u00f3 con titulares de las<br>asociaciones nacionales que agrupan a las instituciones de educaci\u00f3n superior<br>con mayor presencia en el pa\u00eds.<br>En el encuentro celebrado en la Ciudad de M\u00e9xico, se cont\u00f3 con la<br>presencia del Dr. Luis Armando Gonz\u00e1lez Placencia, secretario general de la<br>Asociaci\u00f3n Nacional de Universidades e Instituciones de Educaci\u00f3n Superior<br>(ANUIES), con el maestro en ciencias Ra\u00fal Mart\u00ednez Hern\u00e1ndez, secretario<br>general de la Asociaci\u00f3n Nacional de Universidades del Subsistema Tecnol\u00f3gico<br>(ANUSTEC), y el diputado federal Erasmo Gonz\u00e1lez Robledo, presidente de la<br>Comisi\u00f3n de Presupuesto y Cuenta P\u00fablica de la C\u00e1mara de Diputados.<br>Durante la reuni\u00f3n se abordaron temas de inter\u00e9s com\u00fan y se destac\u00f3 la<br>importancia de la cooperaci\u00f3n, la colaboraci\u00f3n y el trabajo conjunto entre las<br>instituciones de educaci\u00f3n superior.<br>Al respecto, el rector D\u00e1maso Leonardo Anaya Alvarado se\u00f1al\u00f3 que para la<br>UAT es importante trabajar con todos los sectores de la sociedad, pues existen<br>temas sensibles que solo pueden afrontarse mediante una labor de equipo.<br>Puntualiz\u00f3 que la UAT tiene el compromiso de participar en el desarrollo y<br>fortalecimiento de la educaci\u00f3n superior en M\u00e9xico, y para ello, es esencial la<br>vinculaci\u00f3n con las asociaciones e instituciones que integran este sector a nivel<br>nacional.<br>Cabe se\u00f1alar que la ANUSTEC es una asociaci\u00f3n civil cuyo prop\u00f3sito es<br>promover el fortalecimiento de los programas educativos y los servicios que<br>ofrecen las instituciones asociadas integrantes del subsistema de universidades<\/p>\n\n\n\n<p>tecnol\u00f3gicas en M\u00e9xico.<br>Por su parte, la ANUIES es un organismo que agremia a las principales<br>instituciones de educaci\u00f3n superior del pa\u00eds (p\u00fablicas y privadas) cuyo com\u00fan<br>denominador es la voluntad para promover su mejoramiento integral en los<br>campos de la docencia, la investigaci\u00f3n y la extensi\u00f3n de la cultura y los servicios.<\/p>\n","protected":false},"excerpt":{"rendered":"<p>19 de febrero 2024 Como parte de su agenda de trabajo para fortalecer la vinculaci\u00f3n&#8230;<\/p>\n","protected":false},"author":1,"featured_media":1163,"comment_status":"open","ping_status":"open","sticky":true,"template":"","format":"gallery","meta":{"footnotes":""},"categories":[2],"tags":[],"class_list":["post-1162","post","type-post","status-publish","format-gallery","has-post-thumbnail","hentry","category-tamaulipas","post_format-post-format-gallery"],"_links":{"self":[{"href":"https:\/\/noticierotamaulipeco.info\/index.php?rest_route=\/wp\/v2\/posts\/1162","targetHints":{"allow":["GET"]}}],"collection":[{"href":"https:\/\/noticierotamaulipeco.info\/index.php?rest_route=\/wp\/v2\/posts"}],"about":[{"href":"https:\/\/noticierotamaulipeco.info\/index.php?rest_route=\/wp\/v2\/types\/post"}],"author":[{"embeddable":true,"href":"https:\/\/noticierotamaulipeco.info\/index.php?rest_route=\/wp\/v2\/users\/1"}],"replies":[{"embeddable":true,"href":"https:\/\/noticierotamaulipeco.info\/index.php?rest_route=%2Fwp%2Fv2%2Fcomments&post=1162"}],"version-history":[{"count":1,"href":"https:\/\/noticierotamaulipeco.info\/index.php?rest_route=\/wp\/v2\/posts\/1162\/revisions"}],"predecessor-version":[{"id":1164,"href":"https:\/\/noticierotamaulipeco.info\/index.php?rest_route=\/wp\/v2\/posts\/1162\/revisions\/1164"}],"wp:featuredmedia":[{"embeddable":true,"href":"https:\/\/noticierotamaulipeco.info\/index.php?rest_route=\/wp\/v2\/media\/1163"}],"wp:attachment":[{"href":"https:\/\/noticierotamaulipeco.info\/index.php?rest_route=%2Fwp%2Fv2%2Fmedia&parent=1162"}],"wp:term":[{"taxonomy":"category","embeddable":true,"href":"https:\/\/noticierotamaulipeco.info\/index.php?rest_route=%2Fwp%2Fv2%2Fcategories&post=1162"},{"taxonomy":"post_tag","embeddable":true,"href":"https:\/\/noticierotamaulipeco.info\/index.php?rest_route=%2Fwp%2Fv2%2Ftags&post=1162"}],"curies":[{"name":"wp","href":"https:\/\/api.w.org\/{rel}","templated":true}]}}