{"id":1171,"date":"2024-02-22T04:44:22","date_gmt":"2024-02-22T04:44:22","guid":{"rendered":"https:\/\/noticierotamaulipeco.info\/?p=1171"},"modified":"2024-02-26T04:46:47","modified_gmt":"2024-02-26T04:46:47","slug":"celebra-la-uat-con-exito-la-expo-juventud-universitaria","status":"publish","type":"post","link":"https:\/\/noticierotamaulipeco.info\/?p=1171","title":{"rendered":"Celebra la UAT con \u00e9xito la Expo Juventud Universitaria"},"content":{"rendered":"\n<figure class=\"wp-block-image size-large\"><img loading=\"lazy\" decoding=\"async\" width=\"1600\" height=\"1066\" src=\"https:\/\/noticierotamaulipeco.info\/wp-content\/uploads\/2024\/02\/2-1024x682.jpeg\" alt=\"\" class=\"wp-image-1173\" srcset=\"https:\/\/noticierotamaulipeco.info\/wp-content\/uploads\/2024\/02\/2-1024x682.jpeg 1024w, https:\/\/noticierotamaulipeco.info\/wp-content\/uploads\/2024\/02\/2-300x200.jpeg 300w, https:\/\/noticierotamaulipeco.info\/wp-content\/uploads\/2024\/02\/2-768x512.jpeg 768w, https:\/\/noticierotamaulipeco.info\/wp-content\/uploads\/2024\/02\/2-1536x1023.jpeg 1536w, https:\/\/noticierotamaulipeco.info\/wp-content\/uploads\/2024\/02\/2.jpeg 1600w\" sizes=\"auto, (max-width: 1600px) 100vw, 1600px\" \/><\/figure>\n\n\n\n<p>22 de febrero de 2024.<\/p>\n\n\n\n<p>Con gran \u00e9xito se llev\u00f3 a cabo la Expo Juventud Universitaria que organiz\u00f3 la Universidad<br>Aut\u00f3noma de Tamaulipas (UAT) en coordinaci\u00f3n con el Instituto Tamaulipeco de Becas,<br>Est\u00edmulos y Cr\u00e9ditos Educativos (ITABEC) y el Instituto Nacional de la Juventud (INJUVE<br>Tamaulipas) con la finalidad de promover entre la comunidad estudiantil la Beca Futuro<br>Tamaulipas J\u00f3venes de Nivel Superior.<br>El magno evento celebrado en el Gimnasio Multidisciplinario del Campus Victoria<br>fue presidido por el rector de la UAT, MVZ D\u00e1maso Anaya Alvarado, el director del<br>ITABEC, Dr. Juan Guillermo Mansur Arzola, y la directora del INJUVE Tamaulipas, Lic.<br>Judith Katalyna M\u00e9ndez Cepeda.<br>El rector D\u00e1maso Anaya Alvarado dijo que este tipo de actividades son importantes,<br>porque la meta principal de la UAT es que ning\u00fan estudiante se quede sin educaci\u00f3n por<br>falta de recursos.<br>Sostuvo que en esta tarea cuenta con el apoyo de la administraci\u00f3n del gobernador<br>Dr. Am\u00e9rico Villarreal Anaya. \u201cQueremos una mejor universidad y un mejor estado, y<br>vamos a ir trasformando a la universidad\u201d, expres\u00f3.<br>Subray\u00f3 que, bajo este respaldo, se han logrado recibir m\u00e1s de doce mil trecientas<br>solicitudes de beca, un 50% m\u00e1s con respecto al a\u00f1o pasado. As\u00ed mismo, a\u00f1adi\u00f3 que en la<br>presente convocatoria del ITABEC, se pretende duplicar los apoyos recibidos el a\u00f1o<br>pasado.<br>Por su parte, la directora del INJUVE Tamaulipas, Lic. Judith Katalyna M\u00e9ndez<br>Cepeda, agradeci\u00f3 a la UAT por el inter\u00e9s de impulsar el desarrollo de los estudiantes, y<br>reconoci\u00f3 el trabajo del MVZ D\u00e1maso Anaya Alvarado, al fomentar la participaci\u00f3n de los<br>j\u00f3venes en el proyecto de transformaci\u00f3n de la Universidad y de Tamaulipas.<br>Se\u00f1al\u00f3 que, de la mano de D\u00e1maso Anaya, la UAT inicia una nueva era respecto a la<br>participaci\u00f3n estudiantil, porque su rector seguir\u00e1 cerca de la gente y de sus estudiantes<br>para que participen activamente en el crecimiento y el avance de la universidad.<\/p>\n","protected":false},"excerpt":{"rendered":"<p>22 de febrero de 2024. Con gran \u00e9xito se llev\u00f3 a cabo la Expo Juventud&#8230;<\/p>\n","protected":false},"author":1,"featured_media":1172,"comment_status":"open","ping_status":"open","sticky":true,"template":"","format":"gallery","meta":{"footnotes":""},"categories":[4],"tags":[],"class_list":["post-1171","post","type-post","status-publish","format-gallery","has-post-thumbnail","hentry","category-educacion","post_format-post-format-gallery"],"_links":{"self":[{"href":"https:\/\/noticierotamaulipeco.info\/index.php?rest_route=\/wp\/v2\/posts\/1171","targetHints":{"allow":["GET"]}}],"collection":[{"href":"https:\/\/noticierotamaulipeco.info\/index.php?rest_route=\/wp\/v2\/posts"}],"about":[{"href":"https:\/\/noticierotamaulipeco.info\/index.php?rest_route=\/wp\/v2\/types\/post"}],"author":[{"embeddable":true,"href":"https:\/\/noticierotamaulipeco.info\/index.php?rest_route=\/wp\/v2\/users\/1"}],"replies":[{"embeddable":true,"href":"https:\/\/noticierotamaulipeco.info\/index.php?rest_route=%2Fwp%2Fv2%2Fcomments&post=1171"}],"version-history":[{"count":1,"href":"https:\/\/noticierotamaulipeco.info\/index.php?rest_route=\/wp\/v2\/posts\/1171\/revisions"}],"predecessor-version":[{"id":1174,"href":"https:\/\/noticierotamaulipeco.info\/index.php?rest_route=\/wp\/v2\/posts\/1171\/revisions\/1174"}],"wp:featuredmedia":[{"embeddable":true,"href":"https:\/\/noticierotamaulipeco.info\/index.php?rest_route=\/wp\/v2\/media\/1172"}],"wp:attachment":[{"href":"https:\/\/noticierotamaulipeco.info\/index.php?rest_route=%2Fwp%2Fv2%2Fmedia&parent=1171"}],"wp:term":[{"taxonomy":"category","embeddable":true,"href":"https:\/\/noticierotamaulipeco.info\/index.php?rest_route=%2Fwp%2Fv2%2Fcategories&post=1171"},{"taxonomy":"post_tag","embeddable":true,"href":"https:\/\/noticierotamaulipeco.info\/index.php?rest_route=%2Fwp%2Fv2%2Ftags&post=1171"}],"curies":[{"name":"wp","href":"https:\/\/api.w.org\/{rel}","templated":true}]}}