{"id":1189,"date":"2024-02-26T16:38:45","date_gmt":"2024-02-26T16:38:45","guid":{"rendered":"https:\/\/noticierotamaulipeco.info\/?p=1189"},"modified":"2024-03-01T16:58:48","modified_gmt":"2024-03-01T16:58:48","slug":"en-la-uat-ni-un-paso-atras-a-conductas-del-pasado-gobernador","status":"publish","type":"post","link":"https:\/\/noticierotamaulipeco.info\/?p=1189","title":{"rendered":"\u201cEn la UAT ni un paso atr\u00e1s a conductas del pasado\u201d: Gobernador"},"content":{"rendered":"\n<figure class=\"wp-block-image size-large\"><img loading=\"lazy\" decoding=\"async\" width=\"1024\" height=\"664\" src=\"https:\/\/noticierotamaulipeco.info\/wp-content\/uploads\/2024\/03\/4m-1024x664.jpeg\" alt=\"\" class=\"wp-image-1190\" srcset=\"https:\/\/noticierotamaulipeco.info\/wp-content\/uploads\/2024\/03\/4m-1024x664.jpeg 1024w, https:\/\/noticierotamaulipeco.info\/wp-content\/uploads\/2024\/03\/4m-300x194.jpeg 300w, https:\/\/noticierotamaulipeco.info\/wp-content\/uploads\/2024\/03\/4m-768x498.jpeg 768w, https:\/\/noticierotamaulipeco.info\/wp-content\/uploads\/2024\/03\/4m-1536x996.jpeg 1536w, https:\/\/noticierotamaulipeco.info\/wp-content\/uploads\/2024\/03\/4m.jpeg 1600w\" sizes=\"auto, (max-width: 1024px) 100vw, 1024px\" \/><\/figure>\n\n\n\n<figure class=\"wp-block-image size-large\"><img loading=\"lazy\" decoding=\"async\" width=\"1024\" height=\"576\" src=\"https:\/\/noticierotamaulipeco.info\/wp-content\/uploads\/2024\/03\/1m-1024x576.jpeg\" alt=\"\" class=\"wp-image-1191\" srcset=\"https:\/\/noticierotamaulipeco.info\/wp-content\/uploads\/2024\/03\/1m-1024x576.jpeg 1024w, https:\/\/noticierotamaulipeco.info\/wp-content\/uploads\/2024\/03\/1m-300x169.jpeg 300w, https:\/\/noticierotamaulipeco.info\/wp-content\/uploads\/2024\/03\/1m-768x432.jpeg 768w, https:\/\/noticierotamaulipeco.info\/wp-content\/uploads\/2024\/03\/1m-1536x864.jpeg 1536w, https:\/\/noticierotamaulipeco.info\/wp-content\/uploads\/2024\/03\/1m.jpeg 1600w\" sizes=\"auto, (max-width: 1024px) 100vw, 1024px\" \/><\/figure>\n\n\n\n<p>\u201cQue quede bien claro: el que se mete con la UAT se mete con el Gobierno del<br>Estado; y no vamos a regresar a conductas retr\u00f3gradas que vayan en contra de la<br>formaci\u00f3n de los universitarios\u201d, advirti\u00f3 el gobernador Am\u00e9rico Villarreal Anaya.<br>De manera contundente, el primer mandatario de Tamaulipas se\u00f1al\u00f3<br>tambi\u00e9n que no se dar\u00e1 un paso atr\u00e1s en esta nueva etapa que busca el progreso<br>de la Universidad y un mejor futuro para sus estudiantes.<br>Acompa\u00f1ado del MVZ D\u00e1maso Leonardo Anaya Alvarado, rector de la UAT,<br>el gobernador expres\u00f3 su mensaje en la ceremonia c\u00edvica de honores a la bandera<br>nacional en las instalaciones del Gimnasio Multidisciplinario del Centro<br>Universitario de Victoria.<br>Ante cientos de estudiantes, docentes y personal administrativo de las<br>facultades, unidades acad\u00e9micas y escuelas de la UAT, el Dr. Am\u00e9rico Villarreal<br>reiter\u00f3 todo su respaldo al rector y a la m\u00e1xima casa de estudios, que, dijo, transita<br>hacia un escenario de excelencia acad\u00e9mica y grandes proyectos para su<br>desarrollo.<br>Insisti\u00f3 en que no se pueden dejar de lado esos proyectos ante el regreso<br>de conductas nocivas que prevalecieron por muchos a\u00f1os. Esto, en referencia a<br>los recientes hechos vand\u00e1licos donde un grupo de individuos irrumpi\u00f3<br>violentamente en la Unidad Acad\u00e9mica Multidisciplinaria Mante, causando da\u00f1os<br>f\u00edsicos a directivos y personal administrativo, as\u00ed como da\u00f1os materiales a la<br>instituci\u00f3n.<br>\u201cNo podemos dejar de lado que ya no queremos retornar al pasado.<br>Estamos viviendo una \u00e9poca de desarrollo humanitario, de visi\u00f3n y de conjunto, de<br>fraternidad y de oportunidades de crecimiento\u201d, recalc\u00f3.<br>Por otro lado, se\u00f1al\u00f3 que el Gobierno del Estado est\u00e1 comprometido en<br>entregar a la UAT el recurso econ\u00f3mico que durante muchos a\u00f1os se hab\u00eda<\/p>\n\n\n\n<p>incumplido y que es fundamental para mantener sus instalaciones.<br>En ese sentido, subray\u00f3 su intenci\u00f3n de que a los j\u00f3venes universitarios no<br>les falten las herramientas de infraestructura y de tecnolog\u00eda, luego de subrayar<br>que la UAT debe seguir siendo la punta del desarrollo del conocimiento y del<br>avance tecnol\u00f3gico en Tamaulipas.<br>\u201cEsta es la visi\u00f3n que tenemos con la Universidad Aut\u00f3noma de Tamaulipas<br>y nadie nos va a hacer cambiar; es una universidad del futuro, de proyecci\u00f3n, y<br>tenemos que ganar los principales lugares de nuestra actuaci\u00f3n acad\u00e9mica y de<br>compromiso social a nivel nacional\u201d.<br>\u201cY lo repito: el que se mete con la Universidad se mete con el Gobierno del<br>Estado. Los saludo y los felicito\u201d, concluy\u00f3 el gobernador.<br>Por su parte, el MVZ D\u00e1maso Leonardo Anaya Alvarado agradeci\u00f3 al<br>mandatario estatal su presencia y su apoyo sin condiciones para hacer de la casa<br>de estudios una instituci\u00f3n de vanguardia a nivel nacional.<br>A nombre de la comunidad universitaria, felicit\u00f3 al Dr. Am\u00e9rico Villarreal<br>Anaya por su segundo informe de labores, donde dej\u00f3 constancia del avance que<br>ha tenido Tamaulipas.<br>\u201cSabemos de su voluntad por construir un mejor futuro para todos los<br>tamaulipecos. Cuente con la Universidad Aut\u00f3noma de Tamaulipas y que<br>buscamos el bien para nuestro estado\u201d, a\u00f1adi\u00f3 el rector.<\/p>\n\n\n\n<p>Asever\u00f3 que se trabaja para erradicar las pr\u00e1cticas nocivas y que no<br>vuelvan m\u00e1s a la Universidad: \u201cVemos en el futuro cercano una UAT<br>transformando la infraestructura, el equipamiento, la c\u00e1tedra, la investigaci\u00f3n y,<br>sobre todo, transformando j\u00f3venes en un aprendizaje lleno de conocimientos y<br>humanismo\u201d, concluy\u00f3.<\/p>\n\n\n\n<p>En la ceremonia estuvieron presentes funcionarios del Gobierno de<br>Tamaulipas, as\u00ed como funcionarios de la rector\u00eda y directivos de las diferentes dependencias acad\u00e9micas de la UAT.<\/p>\n","protected":false},"excerpt":{"rendered":"<p>\u201cQue quede bien claro: el que se mete con la UAT se mete con el&#8230;<\/p>\n","protected":false},"author":1,"featured_media":1193,"comment_status":"open","ping_status":"open","sticky":true,"template":"","format":"gallery","meta":{"footnotes":""},"categories":[2],"tags":[],"class_list":["post-1189","post","type-post","status-publish","format-gallery","has-post-thumbnail","hentry","category-tamaulipas","post_format-post-format-gallery"],"_links":{"self":[{"href":"https:\/\/noticierotamaulipeco.info\/index.php?rest_route=\/wp\/v2\/posts\/1189","targetHints":{"allow":["GET"]}}],"collection":[{"href":"https:\/\/noticierotamaulipeco.info\/index.php?rest_route=\/wp\/v2\/posts"}],"about":[{"href":"https:\/\/noticierotamaulipeco.info\/index.php?rest_route=\/wp\/v2\/types\/post"}],"author":[{"embeddable":true,"href":"https:\/\/noticierotamaulipeco.info\/index.php?rest_route=\/wp\/v2\/users\/1"}],"replies":[{"embeddable":true,"href":"https:\/\/noticierotamaulipeco.info\/index.php?rest_route=%2Fwp%2Fv2%2Fcomments&post=1189"}],"version-history":[{"count":1,"href":"https:\/\/noticierotamaulipeco.info\/index.php?rest_route=\/wp\/v2\/posts\/1189\/revisions"}],"predecessor-version":[{"id":1194,"href":"https:\/\/noticierotamaulipeco.info\/index.php?rest_route=\/wp\/v2\/posts\/1189\/revisions\/1194"}],"wp:featuredmedia":[{"embeddable":true,"href":"https:\/\/noticierotamaulipeco.info\/index.php?rest_route=\/wp\/v2\/media\/1193"}],"wp:attachment":[{"href":"https:\/\/noticierotamaulipeco.info\/index.php?rest_route=%2Fwp%2Fv2%2Fmedia&parent=1189"}],"wp:term":[{"taxonomy":"category","embeddable":true,"href":"https:\/\/noticierotamaulipeco.info\/index.php?rest_route=%2Fwp%2Fv2%2Fcategories&post=1189"},{"taxonomy":"post_tag","embeddable":true,"href":"https:\/\/noticierotamaulipeco.info\/index.php?rest_route=%2Fwp%2Fv2%2Ftags&post=1189"}],"curies":[{"name":"wp","href":"https:\/\/api.w.org\/{rel}","templated":true}]}}