{"id":1198,"date":"2024-02-28T17:04:58","date_gmt":"2024-02-28T17:04:58","guid":{"rendered":"https:\/\/noticierotamaulipeco.info\/?p=1198"},"modified":"2024-03-04T14:24:33","modified_gmt":"2024-03-04T14:24:33","slug":"la-uat-y-la-subsecretaria-de-enfermeria-en-tamaulipas-plantean-colaboracion","status":"publish","type":"post","link":"https:\/\/noticierotamaulipeco.info\/?p=1198","title":{"rendered":"La UAT y la Subsecretar\u00eda de Enfermer\u00eda en Tamaulipas plantean colaboraci\u00f3n"},"content":{"rendered":"\n<figure class=\"wp-block-image size-large\"><img loading=\"lazy\" decoding=\"async\" width=\"1024\" height=\"682\" src=\"https:\/\/noticierotamaulipeco.info\/wp-content\/uploads\/2024\/03\/1-1024x682.jpeg\" alt=\"\" class=\"wp-image-1199\" srcset=\"https:\/\/noticierotamaulipeco.info\/wp-content\/uploads\/2024\/03\/1-1024x682.jpeg 1024w, https:\/\/noticierotamaulipeco.info\/wp-content\/uploads\/2024\/03\/1-300x200.jpeg 300w, https:\/\/noticierotamaulipeco.info\/wp-content\/uploads\/2024\/03\/1-768x512.jpeg 768w, https:\/\/noticierotamaulipeco.info\/wp-content\/uploads\/2024\/03\/1-1536x1023.jpeg 1536w, https:\/\/noticierotamaulipeco.info\/wp-content\/uploads\/2024\/03\/1.jpeg 1600w\" sizes=\"auto, (max-width: 1024px) 100vw, 1024px\" \/><\/figure>\n\n\n\n<p>El MVZ D\u00e1maso Anaya Alvarado, rector de la Universidad Aut\u00f3noma de<br>Tamaulipas (UAT), presidi\u00f3 una reuni\u00f3n de planeaci\u00f3n con la Subsecretar\u00eda de<br>Enfermer\u00eda de la Secretar\u00eda de Salud de Tamaulipas (SST), con la finalidad de dar<br>avances a proyectos de colaboraci\u00f3n acad\u00e9mica que contribuyan a la formaci\u00f3n<br>de profesionales y especialistas en materia de enfermer\u00eda y otras \u00e1reas<br>espec\u00edficas de la salud.<br>La reuni\u00f3n se realiz\u00f3 en el Centro de Gesti\u00f3n del Conocimiento del Campus<br>Victoria con la participaci\u00f3n del Mtro. Jos\u00e9 Fernando Centeno Sierra,<br>representante del Gobierno de Tamaulipas en la Ciudad de M\u00e9xico, y la enfermera<br>Irma Barrag\u00e1n Alvarado, subsecretaria de Enfermer\u00eda de la SST.<br>Acompa\u00f1ado de titulares de las dependencias de la UAT que imparten la<br>carrera de enfermer\u00eda, el rector D\u00e1maso Anaya Alvarado dijo que este encuentro<br>representa el inicio de una vinculaci\u00f3n que busca centrar el trabajo que desarrolla<br>la Universidad en la formaci\u00f3n de profesionales de la enfermer\u00eda y la pr\u00e1ctica que<br>realizan en los hospitales y cl\u00ednicas.<br>Coment\u00f3 que para la UAT es importante conocer las necesidades de los<br>sectores en los que tiene injerencia a trav\u00e9s de sus egresados y con ello fortalecer<br>los programas educativos que actualmente se ofertan en la entidad.<br>Por su parte, el Mtro. Jos\u00e9 Fernando Centeno Sierra, representante del<br>Gobierno de Tamaulipas en la Ciudad de M\u00e9xico, destac\u00f3 la relevancia de celebrar<br>esta reuni\u00f3n de trabajo que permitir\u00e1 ampliar en la capital del pa\u00eds los lazos con<br>instituciones nacionales y del exterior, para fomentar programas de intercambio,<br>becas y otros beneficios para los estudiantes de la UAT.<br>Destac\u00f3 tambi\u00e9n que este trabajo conjunto potenciar\u00e1 la labor de la<br>enfermer\u00eda en Tamaulipas, proyecto que ha impulsado el gobernador Am\u00e9rico<\/p>\n\n\n\n<p>Villarreal Anaya al crear la Subsecretaria de Enfermer\u00eda, instancia que no existe<br>en otro estado del pa\u00eds.<br>Asimismo, la titular de la Subsecretar\u00eda, Irma Barrag\u00e1n Alvarado, agradeci\u00f3<br>al rector de la UAT la disposici\u00f3n de entablar una colaboraci\u00f3n que adem\u00e1s se<br>contempla con instituciones como la Universidad Nacional Aut\u00f3noma de M\u00e9xico<br>(UNAM), que permitir\u00eda atender \u00e1reas prioritarias para la salud en Tamaulipas,<br>como es la enfermer\u00eda psiqui\u00e1trica, capacitaci\u00f3n en hemodi\u00e1lisis, entre otros<br>temas.<br>Puntualiz\u00f3 que es importante fortalecer la cobertura de salud en zonas<br>rurales alejadas mediante la enfermer\u00eda comunitaria, proyecto importante del<br>Gobierno de Tamaulipas.<br>En la reuni\u00f3n estuvieron presentes la Mtra. Roxana de los Reyes Nieto;<br>directora de la Facultad de Enfermer\u00eda Victoria; la Mtra. Ver\u00f3nica Guajardo<br>Balderas, directora de la Facultad de Enfermer\u00eda Nuevo Laredo, la Mtra.<br>Tranquilina Guti\u00e9rrez G\u00f3mez, directora de la Facultad de Enfermer\u00eda Tampico, la<br>Dra. Yolanda Castillo Muraira, directora de la Unidad Acad\u00e9mica Multidisciplinaria<br>Matamoros y el Mtro. C\u00e9sar Cruz Trejo, director de la UAM Mante, as\u00ed como funcionarios <\/p>\n\n\n\n<p>de la rector\u00eda.<\/p>\n\n\n\n<p><\/p>\n","protected":false},"excerpt":{"rendered":"<p>El MVZ D\u00e1maso Anaya Alvarado, rector de la Universidad Aut\u00f3noma deTamaulipas (UAT), presidi\u00f3 una reuni\u00f3n&#8230;<\/p>\n","protected":false},"author":1,"featured_media":1200,"comment_status":"open","ping_status":"open","sticky":true,"template":"","format":"gallery","meta":{"footnotes":""},"categories":[4],"tags":[],"class_list":["post-1198","post","type-post","status-publish","format-gallery","has-post-thumbnail","hentry","category-educacion","post_format-post-format-gallery"],"_links":{"self":[{"href":"https:\/\/noticierotamaulipeco.info\/index.php?rest_route=\/wp\/v2\/posts\/1198","targetHints":{"allow":["GET"]}}],"collection":[{"href":"https:\/\/noticierotamaulipeco.info\/index.php?rest_route=\/wp\/v2\/posts"}],"about":[{"href":"https:\/\/noticierotamaulipeco.info\/index.php?rest_route=\/wp\/v2\/types\/post"}],"author":[{"embeddable":true,"href":"https:\/\/noticierotamaulipeco.info\/index.php?rest_route=\/wp\/v2\/users\/1"}],"replies":[{"embeddable":true,"href":"https:\/\/noticierotamaulipeco.info\/index.php?rest_route=%2Fwp%2Fv2%2Fcomments&post=1198"}],"version-history":[{"count":1,"href":"https:\/\/noticierotamaulipeco.info\/index.php?rest_route=\/wp\/v2\/posts\/1198\/revisions"}],"predecessor-version":[{"id":1201,"href":"https:\/\/noticierotamaulipeco.info\/index.php?rest_route=\/wp\/v2\/posts\/1198\/revisions\/1201"}],"wp:featuredmedia":[{"embeddable":true,"href":"https:\/\/noticierotamaulipeco.info\/index.php?rest_route=\/wp\/v2\/media\/1200"}],"wp:attachment":[{"href":"https:\/\/noticierotamaulipeco.info\/index.php?rest_route=%2Fwp%2Fv2%2Fmedia&parent=1198"}],"wp:term":[{"taxonomy":"category","embeddable":true,"href":"https:\/\/noticierotamaulipeco.info\/index.php?rest_route=%2Fwp%2Fv2%2Fcategories&post=1198"},{"taxonomy":"post_tag","embeddable":true,"href":"https:\/\/noticierotamaulipeco.info\/index.php?rest_route=%2Fwp%2Fv2%2Ftags&post=1198"}],"curies":[{"name":"wp","href":"https:\/\/api.w.org\/{rel}","templated":true}]}}