{"id":1220,"date":"2024-03-03T20:26:43","date_gmt":"2024-03-03T20:26:43","guid":{"rendered":"https:\/\/noticierotamaulipeco.info\/?p=1220"},"modified":"2024-03-05T20:28:19","modified_gmt":"2024-03-05T20:28:19","slug":"extiende-uat-convocatoria-del-ine-para-promover-participacion-ciudadana-en-el-proceso-electoral","status":"publish","type":"post","link":"https:\/\/noticierotamaulipeco.info\/?p=1220","title":{"rendered":"Extiende UAT convocatoria del INE para promover participaci\u00f3n ciudadana en el proceso electoral"},"content":{"rendered":"\n<figure class=\"wp-block-image size-large\"><img loading=\"lazy\" decoding=\"async\" width=\"1024\" height=\"580\" src=\"https:\/\/noticierotamaulipeco.info\/wp-content\/uploads\/2024\/03\/IMG-20240302-WA0023-3-1024x580.jpg\" alt=\"\" class=\"wp-image-1221\" srcset=\"https:\/\/noticierotamaulipeco.info\/wp-content\/uploads\/2024\/03\/IMG-20240302-WA0023-3-1024x580.jpg 1024w, https:\/\/noticierotamaulipeco.info\/wp-content\/uploads\/2024\/03\/IMG-20240302-WA0023-3-300x170.jpg 300w, https:\/\/noticierotamaulipeco.info\/wp-content\/uploads\/2024\/03\/IMG-20240302-WA0023-3-768x435.jpg 768w, https:\/\/noticierotamaulipeco.info\/wp-content\/uploads\/2024\/03\/IMG-20240302-WA0023-3-1536x870.jpg 1536w, https:\/\/noticierotamaulipeco.info\/wp-content\/uploads\/2024\/03\/IMG-20240302-WA0023-3.jpg 1600w\" sizes=\"auto, (max-width: 1024px) 100vw, 1024px\" \/><\/figure>\n\n\n\n<p>Ciudad Victoria, Tamaulipas; 3 de marzo de 2024.<br>Extiende UAT convocatoria del INE para promover participaci\u00f3n ciudadana en el proceso electoral<\/p>\n\n\n\n<p>La Universidad Aut\u00f3noma de Tamaulipas (UAT) hace extensiva la invitaci\u00f3n del<br>Instituto Nacional Electoral (INE), a trav\u00e9s de la Junta Local Ejecutiva en<br>Tamaulipas, para difundir la Convocatoria sobre Promoci\u00f3n de la Participaci\u00f3n<br>Ciudadana en el marco del Proceso Electoral Concurrente 2023-2024.<br>La convocatoria, emitida por el INE con la finalidad de impulsar acciones<br>para el fortalecimiento de la democracia en M\u00e9xico, tiene como fecha l\u00edmite de<br>registro el 8 de marzo, y est\u00e1 dirigida a organizaciones o instituciones que est\u00e9n<br>interesadas en realizar acciones de promoci\u00f3n de la participaci\u00f3n ciudadana en<br>conjunto con el INE.<br>Entre las bases para participar, se estipula que las agrupaciones no deben<br>tener v\u00ednculos con partidos pol\u00edticos o aspirantes, y que deben estar interesadas<br>en promover imparcialmente el ejercicio del voto libre y razonado de los<br>ciudadanos en el Proceso Electoral Concurrente 2023-2024.<br>El INE dar\u00e1 a conocer de manera p\u00fablica en su portal, a m\u00e1s tardar el 15 de<br>marzo de 2024, las organizaciones acreditadas, las cuales promover\u00e1n<br>actividades relacionadas con:<br>La difusi\u00f3n de mensajes alusivos al ejercicio del voto y su relevancia.<br>La coorganizaci\u00f3n de eventos de promoci\u00f3n del voto y participaci\u00f3n por<br>medio de representantes en los mismos.<\/p>\n\n\n\n<p>La entrega de art\u00edculos promocionales o servicios a la ciudadan\u00eda (sin<br>distinciones ni condicionantes) para motivar la participaci\u00f3n, entre otras actividades.<br>De igual forma, las organizaciones o instituciones participantes podr\u00e1n<br>plantear propuestas, as\u00ed como participar en las diferentes actividades previstas<br>para los pr\u00f3ximos meses.<br>La convocatoria puede ser consultada en el portal oficial del INE:<br>https:\/\/www.ine.mx\/.<\/p>\n\n\n\n<p><\/p>\n","protected":false},"excerpt":{"rendered":"<p>Ciudad Victoria, Tamaulipas; 3 de marzo de 2024.Extiende UAT convocatoria del INE para promover participaci\u00f3n&#8230;<\/p>\n","protected":false},"author":1,"featured_media":1221,"comment_status":"open","ping_status":"open","sticky":false,"template":"","format":"standard","meta":{"footnotes":""},"categories":[4],"tags":[],"class_list":["post-1220","post","type-post","status-publish","format-standard","has-post-thumbnail","hentry","category-educacion"],"_links":{"self":[{"href":"https:\/\/noticierotamaulipeco.info\/index.php?rest_route=\/wp\/v2\/posts\/1220","targetHints":{"allow":["GET"]}}],"collection":[{"href":"https:\/\/noticierotamaulipeco.info\/index.php?rest_route=\/wp\/v2\/posts"}],"about":[{"href":"https:\/\/noticierotamaulipeco.info\/index.php?rest_route=\/wp\/v2\/types\/post"}],"author":[{"embeddable":true,"href":"https:\/\/noticierotamaulipeco.info\/index.php?rest_route=\/wp\/v2\/users\/1"}],"replies":[{"embeddable":true,"href":"https:\/\/noticierotamaulipeco.info\/index.php?rest_route=%2Fwp%2Fv2%2Fcomments&post=1220"}],"version-history":[{"count":1,"href":"https:\/\/noticierotamaulipeco.info\/index.php?rest_route=\/wp\/v2\/posts\/1220\/revisions"}],"predecessor-version":[{"id":1222,"href":"https:\/\/noticierotamaulipeco.info\/index.php?rest_route=\/wp\/v2\/posts\/1220\/revisions\/1222"}],"wp:featuredmedia":[{"embeddable":true,"href":"https:\/\/noticierotamaulipeco.info\/index.php?rest_route=\/wp\/v2\/media\/1221"}],"wp:attachment":[{"href":"https:\/\/noticierotamaulipeco.info\/index.php?rest_route=%2Fwp%2Fv2%2Fmedia&parent=1220"}],"wp:term":[{"taxonomy":"category","embeddable":true,"href":"https:\/\/noticierotamaulipeco.info\/index.php?rest_route=%2Fwp%2Fv2%2Fcategories&post=1220"},{"taxonomy":"post_tag","embeddable":true,"href":"https:\/\/noticierotamaulipeco.info\/index.php?rest_route=%2Fwp%2Fv2%2Ftags&post=1220"}],"curies":[{"name":"wp","href":"https:\/\/api.w.org\/{rel}","templated":true}]}}