{"id":1243,"date":"2024-03-10T14:34:15","date_gmt":"2024-03-10T14:34:15","guid":{"rendered":"https:\/\/noticierotamaulipeco.info\/?p=1243"},"modified":"2024-03-11T14:37:16","modified_gmt":"2024-03-11T14:37:16","slug":"entrega-el-rector-damaso-anaya-nombramientos-a-titulares-de-las-secretarias-de-la-uat","status":"publish","type":"post","link":"https:\/\/noticierotamaulipeco.info\/?p=1243","title":{"rendered":"Entrega el rector D\u00e1maso Anaya nombramientos a titulares de las Secretar\u00edas de la UAT."},"content":{"rendered":"\n<figure class=\"wp-block-image size-large\"><img loading=\"lazy\" decoding=\"async\" width=\"1024\" height=\"576\" src=\"https:\/\/noticierotamaulipeco.info\/wp-content\/uploads\/2024\/03\/4t-1-1024x576.jpg\" alt=\"\" class=\"wp-image-1247\" srcset=\"https:\/\/noticierotamaulipeco.info\/wp-content\/uploads\/2024\/03\/4t-1-1024x576.jpg 1024w, https:\/\/noticierotamaulipeco.info\/wp-content\/uploads\/2024\/03\/4t-1-300x169.jpg 300w, https:\/\/noticierotamaulipeco.info\/wp-content\/uploads\/2024\/03\/4t-1-768x432.jpg 768w, https:\/\/noticierotamaulipeco.info\/wp-content\/uploads\/2024\/03\/4t-1-1536x864.jpg 1536w, https:\/\/noticierotamaulipeco.info\/wp-content\/uploads\/2024\/03\/4t-1.jpg 1600w\" sizes=\"auto, (max-width: 1024px) 100vw, 1024px\" \/><\/figure>\n\n\n\n<figure class=\"wp-block-image\"><img decoding=\"async\" src=\"https:\/\/informativolacapital.info\/wp-content\/uploads\/2024\/03\/3t-1024x531.jpg\" alt=\"\" class=\"wp-image-847\"\/><\/figure>\n\n\n\n<p>10 de Marzo 2024<\/p>\n\n\n\n<p>El rector de la Universidad Aut\u00f3noma de Tamaulipas (UAT), MVZ D\u00e1maso<br>Leonardo Anaya Alvarado, entreg\u00f3 nombramientos a titulares de las secretar\u00edas<br>que conformar\u00e1n su gabinete en la administraci\u00f3n de esta casa de estudios para<br>el periodo rectoral 2024-2028.<br>Al presidir la Segunda Reuni\u00f3n del Colegio de Directores en el Campus<br>Victoria, D\u00e1maso Anaya se\u00f1al\u00f3 que los nombramientos obedecen al orden<br>administrativo de la UAT y son importantes para dar continuidad a su proyecto de<br>trabajo al frente de la instituci\u00f3n.<br>Durante la sesi\u00f3n realizada en el Centro de Gesti\u00f3n del Conocimiento del<br>Campus Victoria, el rector design\u00f3 en la Secretar\u00eda General al Dr. Eduardo Arvizu<br>S\u00e1nchez, en la Secretar\u00eda Acad\u00e9mica a la Dra. Rosa Issel Acosta Gonz\u00e1lez y en la<br>Secretar\u00eda de Administraci\u00f3n al Lic. Marco Antonio Batarse Contreras.<br>En la Secretar\u00eda de Finanzas design\u00f3 al Mtro. Eduardo Garc\u00eda Fuentes, en<br>la Secretar\u00eda de Investigaci\u00f3n y Posgrado al Dr. Fernando Leal R\u00edos, en la<br>Secretar\u00eda de Gesti\u00f3n Escolar a la Dra. Alma Amalia Hern\u00e1ndez Ilizaliturri, en la<br>Secretar\u00eda de Vinculaci\u00f3n al MVZ Rogelio de Jes\u00fas Ram\u00edrez Flores y en la<br>Secretar\u00eda de Comunicaci\u00f3n y Difusi\u00f3n al Mtro. Manuel Mario Aguilar Gonz\u00e1lez.<br>El MVZ D\u00e1maso Anaya agradeci\u00f3 la presencia de los directores de las<br>escuelas, unidades acad\u00e9micas y facultades de la UAT, y resalt\u00f3 los avances en<br>\u00e1reas como la academia, vinculaci\u00f3n y servicios escolares, que tienen como<br>prop\u00f3sito ofrecer mejores herramientas a estudiantes y docentes.<br>Asimismo, reconoci\u00f3 el esfuerzo de directoras y directores en este trabajo<br>colegiado que busca estructurar y poner en marcha proyectos importantes para el<br>desarrollo de la UAT, subrayando que, en labor de equipo, se va a transitar a la<br>excelencia educativa.<\/p>\n\n\n\n<p>Apunt\u00f3 que se preparan modificaciones en los sistemas administrativos y<br>acad\u00e9micos de la UAT, a fin de ofrecer mejores servicios escolares a los<br>estudiantes.<br>Indic\u00f3 que tambi\u00e9n se busca hacer de la UAT un ente m\u00e1s eficiente en el<br>tema financiero y se\u00f1al\u00f3 que en materia de vinculaci\u00f3n se buscar\u00e1 integrar<br>proyectos con diferentes sectores de la sociedad, adem\u00e1s de fortalecer los<br>programas como el intercambio acad\u00e9mico con universidades nacionales y extranjeras.<\/p>\n","protected":false},"excerpt":{"rendered":"<p>10 de Marzo 2024 El rector de la Universidad Aut\u00f3noma de Tamaulipas (UAT), MVZ D\u00e1masoLeonardo&#8230;<\/p>\n","protected":false},"author":1,"featured_media":1248,"comment_status":"open","ping_status":"open","sticky":true,"template":"","format":"gallery","meta":{"footnotes":""},"categories":[4],"tags":[],"class_list":["post-1243","post","type-post","status-publish","format-gallery","has-post-thumbnail","hentry","category-educacion","post_format-post-format-gallery"],"_links":{"self":[{"href":"https:\/\/noticierotamaulipeco.info\/index.php?rest_route=\/wp\/v2\/posts\/1243","targetHints":{"allow":["GET"]}}],"collection":[{"href":"https:\/\/noticierotamaulipeco.info\/index.php?rest_route=\/wp\/v2\/posts"}],"about":[{"href":"https:\/\/noticierotamaulipeco.info\/index.php?rest_route=\/wp\/v2\/types\/post"}],"author":[{"embeddable":true,"href":"https:\/\/noticierotamaulipeco.info\/index.php?rest_route=\/wp\/v2\/users\/1"}],"replies":[{"embeddable":true,"href":"https:\/\/noticierotamaulipeco.info\/index.php?rest_route=%2Fwp%2Fv2%2Fcomments&post=1243"}],"version-history":[{"count":2,"href":"https:\/\/noticierotamaulipeco.info\/index.php?rest_route=\/wp\/v2\/posts\/1243\/revisions"}],"predecessor-version":[{"id":1249,"href":"https:\/\/noticierotamaulipeco.info\/index.php?rest_route=\/wp\/v2\/posts\/1243\/revisions\/1249"}],"wp:featuredmedia":[{"embeddable":true,"href":"https:\/\/noticierotamaulipeco.info\/index.php?rest_route=\/wp\/v2\/media\/1248"}],"wp:attachment":[{"href":"https:\/\/noticierotamaulipeco.info\/index.php?rest_route=%2Fwp%2Fv2%2Fmedia&parent=1243"}],"wp:term":[{"taxonomy":"category","embeddable":true,"href":"https:\/\/noticierotamaulipeco.info\/index.php?rest_route=%2Fwp%2Fv2%2Fcategories&post=1243"},{"taxonomy":"post_tag","embeddable":true,"href":"https:\/\/noticierotamaulipeco.info\/index.php?rest_route=%2Fwp%2Fv2%2Ftags&post=1243"}],"curies":[{"name":"wp","href":"https:\/\/api.w.org\/{rel}","templated":true}]}}