{"id":1266,"date":"2024-01-15T18:37:00","date_gmt":"2024-01-15T18:37:00","guid":{"rendered":"https:\/\/noticierotamaulipeco.info\/?p=1266"},"modified":"2024-03-14T06:40:16","modified_gmt":"2024-03-14T06:40:16","slug":"damaso-anaya-da-mensaje-de-bienvenida-al-ciclo-escolar-de-la-uat-primavera-2024","status":"publish","type":"post","link":"https:\/\/noticierotamaulipeco.info\/?p=1266","title":{"rendered":"D\u00e1maso Anaya da mensaje de bienvenida al ciclo escolar de la UAT Primavera 2024"},"content":{"rendered":"\n<p>Ciudad Victoria, Tam.; 15 de enero de 2024.<br><\/p>\n\n\n\n<p>En el marco de su gira diagn\u00f3stica por los planteles de la Universidad Aut\u00f3noma<br>de Tamaulipas (UAT), el rector D\u00e1maso Anaya Alvarado visit\u00f3 este lunes la<br>Escuela Preparatoria N\u00famero 3 en ciudad Victoria donde ofreci\u00f3 el mensaje de<br>bienvenida a la comunidad estudiantil con motivo del inicio del ciclo escolar<br>Primavera 2024.<br>El rector de la UAT expres\u00f3 su entusiasmo y expectativas para el nuevo<br>periodo escolar que comenz\u00f3 este 15 de enero en todas las dependencias<br>acad\u00e9micas de la m\u00e1xima casa de estudios en el estado, resaltando elcompromiso de impulsar una educaci\u00f3n humanista, integral y de excelencia.<br>En sus palabras, subray\u00f3 el papel fundamental de la comunidad estudiantil<br>en el \u00e9xito continuo de la universidad y alent\u00f3 a las y los j\u00f3venes a aprovechar al<br>m\u00e1ximo las oportunidades educativas que ofrece la instituci\u00f3n.<br>En el evento fue recibido por la Mtra. Maribel Sober\u00f3n Garc\u00eda, directora de<br>la Preparatoria 3, as\u00ed como la comunidad docente, laboral y estudiantil de esta<br>instituci\u00f3n, que le manifestaron una emotiva bienvenida.<br>D\u00e1maso Anaya comparti\u00f3 momentos de convivencia con los estudiantes,<br>demostrando as\u00ed su inter\u00e9s por escuchar la voz estudiantil y comprender sus<br>perspectivas.<br>Hizo un recorrido por las aulas donde, adem\u00e1s de sostener reuniones con la<br>planta docente y personal administrativo, constat\u00f3 el trabajo del alumnado en las<br>diferentes actividades de fomento a las ciencias, la lectura y de vinculaci\u00f3n con la<br>comunidad, as\u00ed como avances en la iniciativa de grupos biling\u00fces, que busca<br>enriquecer la formaci\u00f3n de nivel medio superior.<br>En continuidad con el arranque del ciclo acad\u00e9mico y la gira diagn\u00f3stica<br>2024, visit\u00f3 la Facultad de Ingenier\u00eda y Ciencias (FIC) en el Centro Universitario<\/p>\n\n\n\n<p>Victoria, donde particip\u00f3 activamente en un intercambio de opiniones con la<br>comunidad estudiantil, resaltando el firme respaldo institucional para fortalecer la<br>academia, la investigaci\u00f3n y el desarrollo de la ciencia y el humanismo en la<br>formaci\u00f3n de los estudiantes.<\/p>\n\n\n\n<p>Acompa\u00f1ado por el director de la FIC, Vicente Paul Sald\u00edvar Alonso, el<br>rector recorri\u00f3 las instalaciones de esta facultad, desde aulas hasta laboratorios<br>especializados en las \u00e1reas de electr\u00f3nica, rob\u00f3tica, inteligencia artificial,<br>tecnolog\u00eda agr\u00edcola, ciencias ambientales, entre otros.<br>Adem\u00e1s, sostuvo reuniones con estudiantes, docentes e investigadores<br>para obtener una visi\u00f3n integral de las acciones que se llevan a cabo,<br>consolidando as\u00ed un acercamiento directo con la comunidad universitaria.<\/p>\n","protected":false},"excerpt":{"rendered":"<p>Ciudad Victoria, Tam.; 15 de enero de 2024. En el marco de su gira diagn\u00f3stica&#8230;<\/p>\n","protected":false},"author":1,"featured_media":1267,"comment_status":"open","ping_status":"open","sticky":false,"template":"","format":"standard","meta":{"footnotes":""},"categories":[4],"tags":[],"class_list":["post-1266","post","type-post","status-publish","format-standard","has-post-thumbnail","hentry","category-educacion"],"_links":{"self":[{"href":"https:\/\/noticierotamaulipeco.info\/index.php?rest_route=\/wp\/v2\/posts\/1266","targetHints":{"allow":["GET"]}}],"collection":[{"href":"https:\/\/noticierotamaulipeco.info\/index.php?rest_route=\/wp\/v2\/posts"}],"about":[{"href":"https:\/\/noticierotamaulipeco.info\/index.php?rest_route=\/wp\/v2\/types\/post"}],"author":[{"embeddable":true,"href":"https:\/\/noticierotamaulipeco.info\/index.php?rest_route=\/wp\/v2\/users\/1"}],"replies":[{"embeddable":true,"href":"https:\/\/noticierotamaulipeco.info\/index.php?rest_route=%2Fwp%2Fv2%2Fcomments&post=1266"}],"version-history":[{"count":2,"href":"https:\/\/noticierotamaulipeco.info\/index.php?rest_route=\/wp\/v2\/posts\/1266\/revisions"}],"predecessor-version":[{"id":1269,"href":"https:\/\/noticierotamaulipeco.info\/index.php?rest_route=\/wp\/v2\/posts\/1266\/revisions\/1269"}],"wp:featuredmedia":[{"embeddable":true,"href":"https:\/\/noticierotamaulipeco.info\/index.php?rest_route=\/wp\/v2\/media\/1267"}],"wp:attachment":[{"href":"https:\/\/noticierotamaulipeco.info\/index.php?rest_route=%2Fwp%2Fv2%2Fmedia&parent=1266"}],"wp:term":[{"taxonomy":"category","embeddable":true,"href":"https:\/\/noticierotamaulipeco.info\/index.php?rest_route=%2Fwp%2Fv2%2Fcategories&post=1266"},{"taxonomy":"post_tag","embeddable":true,"href":"https:\/\/noticierotamaulipeco.info\/index.php?rest_route=%2Fwp%2Fv2%2Ftags&post=1266"}],"curies":[{"name":"wp","href":"https:\/\/api.w.org\/{rel}","templated":true}]}}