{"id":1270,"date":"2024-01-16T18:45:00","date_gmt":"2024-01-16T18:45:00","guid":{"rendered":"https:\/\/noticierotamaulipeco.info\/?p=1270"},"modified":"2024-03-14T06:49:02","modified_gmt":"2024-03-14T06:49:02","slug":"fortalece-damaso-anaya-vinculos-de-la-uat-con-legisladores-federales","status":"publish","type":"post","link":"https:\/\/noticierotamaulipeco.info\/?p=1270","title":{"rendered":"Fortalece D\u00e1maso Anaya v\u00ednculos de la UAT con legisladores federales"},"content":{"rendered":"\n<p>Ciudad Victoria, Tam.; 16 de enero de 2024.<br>Fortalece D\u00e1maso Anaya v\u00ednculos de la UAT con legisladores federales<\/p>\n\n\n\n<p>Integrantes de la LXV Legislatura del Congreso de la Uni\u00f3n, que representan a<br>distintos distritos en la entidad, reafirmaron el compromiso de sumar esfuerzos con<br>el rector D\u00e1maso Anaya Alvarado para impulsar la transformaci\u00f3n de la<br>Universidad Aut\u00f3noma de Tamaulipas (UAT).<br>Lo anterior se destac\u00f3 en la reuni\u00f3n de trabajo efectuada en las oficinas de<br>la Rector\u00eda en esta capital, con la asistencia del diputado Erasmo Gonz\u00e1lez<br>Robledo y las diputadas Ana Laura Huerta Valdovinos, Olga Juliana Elizondo<br>Guerra, Elva Agustina Vigil Hern\u00e1ndez, Claudia Alejandra Hern\u00e1ndez S\u00e1enz y<br>Blanca Araceli Narro Paname\u00f1o, quienes coincidieron en expresar su respaldo al<br>liderazgo universitario del MVZ D\u00e1maso Anaya.<br>La representaci\u00f3n legislativa federal destac\u00f3 la importancia de la<br>colaboraci\u00f3n para impulsar iniciativas que contribuyan a la transformaci\u00f3n en el<br>desarrollo acad\u00e9mico institucional que conduce el rector de la UAT.<br>En su oportunidad, D\u00e1maso Anaya expres\u00f3 su gratitud por el compromiso<br>de los legisladores y enfatiz\u00f3 el inter\u00e9s de potenciar la vinculaci\u00f3n entre la UAT y<br>los diversos sectores, con la finalidad de impactar en los temas que son<br>fundamentales para el desarrollo del estado, en consonancia con el plan<br>estrat\u00e9gico del gobernador Am\u00e9rico Villarreal Anaya.<br>Subray\u00f3 la necesidad de trabajar conjuntamente para que los j\u00f3venes<br>cuenten con una educaci\u00f3n de excelencia y una formaci\u00f3n human\u00edstica, buscando<br>ampliar las gestiones que conlleven mayores beneficios, como becas,<br>oportunidades de movilidad internacional, capacitaci\u00f3n e incorporaci\u00f3n al sector<br>laboral que demandan las regiones del estado.<br>Este enfoque colaborativo, destac\u00f3, es fundamental para construir un futuro<\/p>\n\n\n\n<p>donde la educaci\u00f3n superior y la sociedad se entrelacen de manera sin\u00e9rgica.<br>El comit\u00e9 de legisladores federales enfatiz\u00f3 la significativa importancia de<br>fomentar la colaboraci\u00f3n, subrayando el papel esencial que desempe\u00f1a el rector<br>en este fortalecimiento de v\u00ednculos.<br>De la misma manera, se pronunciaron por establecer una alianza<br>estrat\u00e9gica que permita avanzar conjuntamente y consolidar proyectos que<br>contribuyan al mejoramiento de la educaci\u00f3n superior y al desarrollo regional.<\/p>\n","protected":false},"excerpt":{"rendered":"<p>Ciudad Victoria, Tam.; 16 de enero de 2024.Fortalece D\u00e1maso Anaya v\u00ednculos de la UAT con&#8230;<\/p>\n","protected":false},"author":1,"featured_media":1272,"comment_status":"open","ping_status":"open","sticky":false,"template":"","format":"standard","meta":{"footnotes":""},"categories":[4],"tags":[],"class_list":["post-1270","post","type-post","status-publish","format-standard","has-post-thumbnail","hentry","category-educacion"],"_links":{"self":[{"href":"https:\/\/noticierotamaulipeco.info\/index.php?rest_route=\/wp\/v2\/posts\/1270","targetHints":{"allow":["GET"]}}],"collection":[{"href":"https:\/\/noticierotamaulipeco.info\/index.php?rest_route=\/wp\/v2\/posts"}],"about":[{"href":"https:\/\/noticierotamaulipeco.info\/index.php?rest_route=\/wp\/v2\/types\/post"}],"author":[{"embeddable":true,"href":"https:\/\/noticierotamaulipeco.info\/index.php?rest_route=\/wp\/v2\/users\/1"}],"replies":[{"embeddable":true,"href":"https:\/\/noticierotamaulipeco.info\/index.php?rest_route=%2Fwp%2Fv2%2Fcomments&post=1270"}],"version-history":[{"count":1,"href":"https:\/\/noticierotamaulipeco.info\/index.php?rest_route=\/wp\/v2\/posts\/1270\/revisions"}],"predecessor-version":[{"id":1273,"href":"https:\/\/noticierotamaulipeco.info\/index.php?rest_route=\/wp\/v2\/posts\/1270\/revisions\/1273"}],"wp:featuredmedia":[{"embeddable":true,"href":"https:\/\/noticierotamaulipeco.info\/index.php?rest_route=\/wp\/v2\/media\/1272"}],"wp:attachment":[{"href":"https:\/\/noticierotamaulipeco.info\/index.php?rest_route=%2Fwp%2Fv2%2Fmedia&parent=1270"}],"wp:term":[{"taxonomy":"category","embeddable":true,"href":"https:\/\/noticierotamaulipeco.info\/index.php?rest_route=%2Fwp%2Fv2%2Fcategories&post=1270"},{"taxonomy":"post_tag","embeddable":true,"href":"https:\/\/noticierotamaulipeco.info\/index.php?rest_route=%2Fwp%2Fv2%2Ftags&post=1270"}],"curies":[{"name":"wp","href":"https:\/\/api.w.org\/{rel}","templated":true}]}}