{"id":1280,"date":"2024-01-17T07:01:54","date_gmt":"2024-01-17T07:01:54","guid":{"rendered":"https:\/\/noticierotamaulipeco.info\/?p=1280"},"modified":"2024-03-14T07:04:06","modified_gmt":"2024-03-14T07:04:06","slug":"seminario-interinstitucional-de-criminologia-verde-en-mexico","status":"publish","type":"post","link":"https:\/\/noticierotamaulipeco.info\/?p=1280","title":{"rendered":"Seminario Interinstitucional de Criminolog\u00eda Verde en M\u00e9xico."},"content":{"rendered":"\n<p>\u00a1Comunidad universitaria! <img loading=\"lazy\" decoding=\"async\" height=\"16\" width=\"16\" alt=\"\ud83d\udce3\" src=\"https:\/\/static.xx.fbcdn.net\/images\/emoji.php\/v9\/tba\/1\/16\/1f4e3.png\"><\/p>\n\n\n\n<p>Extendemos la invitaci\u00f3n al 3er Seminario Interinstitucional de Criminolog\u00eda Verde en M\u00e9xico.<\/p>\n\n\n\n<p>Te invitamos a participar y formar parte de la discusi\u00f3n y propuesta de soluci\u00f3n a las principales problem\u00e1ticas socioambientales contra la biodiversidad y la vida del planeta, desde la perspectiva mexicana <img loading=\"lazy\" decoding=\"async\" height=\"16\" width=\"16\" alt=\"\ud83c\udf3f\" src=\"https:\/\/static.xx.fbcdn.net\/images\/emoji.php\/v9\/t1e\/1\/16\/1f33f.png\"><img loading=\"lazy\" decoding=\"async\" height=\"16\" width=\"16\" alt=\"\ud83c\udf0e\" src=\"https:\/\/static.xx.fbcdn.net\/images\/emoji.php\/v9\/tc0\/1\/16\/1f30e.png\"><\/p>\n\n\n\n<p><img loading=\"lazy\" decoding=\"async\" height=\"16\" width=\"16\" alt=\"\ud83d\udcc6\" src=\"https:\/\/static.xx.fbcdn.net\/images\/emoji.php\/v9\/tff\/1\/16\/1f4c6.png\"> Del 13 de febrero al 2 de mayo del 2024, de 10:00 a 13:00 hrs.<\/p>\n\n\n\n<p><img loading=\"lazy\" decoding=\"async\" height=\"16\" width=\"16\" alt=\"\ud83d\udcbb\" src=\"https:\/\/static.xx.fbcdn.net\/images\/emoji.php\/v9\/t8c\/1\/16\/1f4bb.png\"> Link de registro: <a href=\"https:\/\/www.crim.unam.mx\/eventos\/scverde3\/?fbclid=IwAR0REHuqCpcDPReuY0gxILmkoc1CgpUzYnZccZg6sNV1BI0_NaAXSNERiX4\" rel=\"noreferrer noopener\" target=\"_blank\">https:\/\/www.crim.unam.mx\/eventos\/scverde3\/<\/a><\/p>\n","protected":false},"excerpt":{"rendered":"<p>\u00a1Comunidad universitaria! Extendemos la invitaci\u00f3n al 3er Seminario Interinstitucional de Criminolog\u00eda Verde en M\u00e9xico. Te&#8230;<\/p>\n","protected":false},"author":1,"featured_media":1281,"comment_status":"open","ping_status":"open","sticky":false,"template":"","format":"standard","meta":{"footnotes":""},"categories":[4],"tags":[],"class_list":["post-1280","post","type-post","status-publish","format-standard","has-post-thumbnail","hentry","category-educacion"],"_links":{"self":[{"href":"https:\/\/noticierotamaulipeco.info\/index.php?rest_route=\/wp\/v2\/posts\/1280","targetHints":{"allow":["GET"]}}],"collection":[{"href":"https:\/\/noticierotamaulipeco.info\/index.php?rest_route=\/wp\/v2\/posts"}],"about":[{"href":"https:\/\/noticierotamaulipeco.info\/index.php?rest_route=\/wp\/v2\/types\/post"}],"author":[{"embeddable":true,"href":"https:\/\/noticierotamaulipeco.info\/index.php?rest_route=\/wp\/v2\/users\/1"}],"replies":[{"embeddable":true,"href":"https:\/\/noticierotamaulipeco.info\/index.php?rest_route=%2Fwp%2Fv2%2Fcomments&post=1280"}],"version-history":[{"count":1,"href":"https:\/\/noticierotamaulipeco.info\/index.php?rest_route=\/wp\/v2\/posts\/1280\/revisions"}],"predecessor-version":[{"id":1282,"href":"https:\/\/noticierotamaulipeco.info\/index.php?rest_route=\/wp\/v2\/posts\/1280\/revisions\/1282"}],"wp:featuredmedia":[{"embeddable":true,"href":"https:\/\/noticierotamaulipeco.info\/index.php?rest_route=\/wp\/v2\/media\/1281"}],"wp:attachment":[{"href":"https:\/\/noticierotamaulipeco.info\/index.php?rest_route=%2Fwp%2Fv2%2Fmedia&parent=1280"}],"wp:term":[{"taxonomy":"category","embeddable":true,"href":"https:\/\/noticierotamaulipeco.info\/index.php?rest_route=%2Fwp%2Fv2%2Fcategories&post=1280"},{"taxonomy":"post_tag","embeddable":true,"href":"https:\/\/noticierotamaulipeco.info\/index.php?rest_route=%2Fwp%2Fv2%2Ftags&post=1280"}],"curies":[{"name":"wp","href":"https:\/\/api.w.org\/{rel}","templated":true}]}}