{"id":1283,"date":"2024-01-18T19:11:00","date_gmt":"2024-01-18T19:11:00","guid":{"rendered":"https:\/\/noticierotamaulipeco.info\/?p=1283"},"modified":"2024-03-14T07:15:18","modified_gmt":"2024-03-14T07:15:18","slug":"el-rector-damaso-anaya-visita-facultades-de-la-uat-en-el-campus-tampico","status":"publish","type":"post","link":"https:\/\/noticierotamaulipeco.info\/?p=1283","title":{"rendered":"El rector D\u00e1maso Anaya visita facultades de la UAT en el Campus Tampico"},"content":{"rendered":"\n<p>Tampico, Tam.; 18 de enero de 2024.<br><\/p>\n\n\n\n<p>Al continuar la gira de diagn\u00f3stico que est\u00e1 realizando en los diversos campus de<br>la Universidad Aut\u00f3noma de Tamaulipas (UAT), el MVZ D\u00e1maso Anaya Alvarado<br>desarroll\u00f3 una serie de actividades en el Centro Universitario Sur (Campus<br>Tampico); entre otras, tom\u00f3 protesta a la nueva directora de la Facultad de<br>Enfermer\u00eda (FET) y presidi\u00f3 actividades en la Facultad de Comercio y<br>Administraci\u00f3n (FCAT).<br>En el inicio de su agenda de trabajo en este centro universitario, el rector de<br>la UAT presidi\u00f3 la toma de protesta de la Dra. Tranquilina Guti\u00e9rrez G\u00f3mez como<br>directora de la Facultad de Enfermer\u00eda de Tampico para el periodo 2024-2028.<br>La sesi\u00f3n solemne del Consejo T\u00e9cnico de esta facultad cont\u00f3 con la<br>presencia de directores del Campus Sur, autoridades de instituciones de salud,<br>presidentes de colegios y asociaciones profesionales, as\u00ed como maestros y<br>estudiantes.<br>En su mensaje, D\u00e1maso Anaya resalt\u00f3 la importancia de este acto como un<br>compromiso renovado con la calidad educativa y el fortalecimiento del modelo<br>acad\u00e9mico. Puntualiz\u00f3 la crucial funci\u00f3n de la enfermer\u00eda en la salud p\u00fablica y<br>enfatiz\u00f3 la necesidad de una formaci\u00f3n profesional con enfoque humanista.<br>&#8220;La formaci\u00f3n universitaria debe ser el cimiento que impulsa el desarrollo<br>personal y profesional de nuestros egresados infundiendo en ellos un alto sentido<br>de responsabilidad social y compromiso con la atenci\u00f3n de la salud p\u00fablica\u201d,<br>expres\u00f3 el rector.<br>Elogi\u00f3 la elecci\u00f3n de la Dra. Tranquilina Guti\u00e9rrez G\u00f3mez reconociendo su<br>experiencia y dedicaci\u00f3n en el \u00e1mbito acad\u00e9mico e investigativo. De igual forma<br>destac\u00f3 su gratitud a la directora saliente, Mtra. Ma. del Socorro Rangel Torres, y<br>llam\u00f3 a la colaboraci\u00f3n de la comunidad escolar para consolidar la posici\u00f3n de la <\/p>\n\n\n\n<p>Facultad de Enfermer\u00eda Tampico como referente en la formaci\u00f3n de profesionales<br>en esta rama de la salud.<br>Durante su estad\u00eda en la FET, el rector hizo un recorrido por las<br>instalaciones, en el que constat\u00f3 el trabajo de cuerpos acad\u00e9micos y grupos de<br>investigaci\u00f3n especializada, adem\u00e1s de los programas de capacitaci\u00f3n y<br>entrenamiento profesional, as\u00ed como el equipamiento de laboratorios para la<br>pr\u00e1ctica y el fortalecimiento de la ense\u00f1anza de la enfermer\u00eda.<br>Posteriormente, el rector se dirigi\u00f3 a la Facultad de Comercio y<br>Administraci\u00f3n de Tampico para efectuar un amplio recorrido por las instalaciones<br>acompa\u00f1ado del director de esa instituci\u00f3n, el Dr. Jes\u00fas Arias G\u00f3mez.<br>Con la participaci\u00f3n de titulares de las diferentes \u00e1reas, coordinadores y<br>docentes, se le present\u00f3 al rector un diagn\u00f3stico en materia de indicadores<br>acad\u00e9micos, proyectos de vinculaci\u00f3n e investigaci\u00f3n con el sector p\u00fablico y<br>empresarial, as\u00ed como fortalezas del posgrado y de las licenciaturas que imparte la<br>FCAT. Tambi\u00e9n sostuvo reuniones con estudiantes y docentes.<br>La visita del MVZ Anaya Alvarado no solo fortalece los lazos entre la UAT y<br>sus dependencias acad\u00e9micas, tambi\u00e9n brinda una oportunidad invaluable para<br>entender de primera mano las necesidades y perspectivas de la comunidad<br>universitaria del Campus Tampico.<\/p>\n","protected":false},"excerpt":{"rendered":"<p>Tampico, Tam.; 18 de enero de 2024. Al continuar la gira de diagn\u00f3stico que est\u00e1&#8230;<\/p>\n","protected":false},"author":1,"featured_media":1284,"comment_status":"open","ping_status":"open","sticky":false,"template":"","format":"standard","meta":{"footnotes":""},"categories":[4],"tags":[],"class_list":["post-1283","post","type-post","status-publish","format-standard","has-post-thumbnail","hentry","category-educacion"],"_links":{"self":[{"href":"https:\/\/noticierotamaulipeco.info\/index.php?rest_route=\/wp\/v2\/posts\/1283","targetHints":{"allow":["GET"]}}],"collection":[{"href":"https:\/\/noticierotamaulipeco.info\/index.php?rest_route=\/wp\/v2\/posts"}],"about":[{"href":"https:\/\/noticierotamaulipeco.info\/index.php?rest_route=\/wp\/v2\/types\/post"}],"author":[{"embeddable":true,"href":"https:\/\/noticierotamaulipeco.info\/index.php?rest_route=\/wp\/v2\/users\/1"}],"replies":[{"embeddable":true,"href":"https:\/\/noticierotamaulipeco.info\/index.php?rest_route=%2Fwp%2Fv2%2Fcomments&post=1283"}],"version-history":[{"count":1,"href":"https:\/\/noticierotamaulipeco.info\/index.php?rest_route=\/wp\/v2\/posts\/1283\/revisions"}],"predecessor-version":[{"id":1285,"href":"https:\/\/noticierotamaulipeco.info\/index.php?rest_route=\/wp\/v2\/posts\/1283\/revisions\/1285"}],"wp:featuredmedia":[{"embeddable":true,"href":"https:\/\/noticierotamaulipeco.info\/index.php?rest_route=\/wp\/v2\/media\/1284"}],"wp:attachment":[{"href":"https:\/\/noticierotamaulipeco.info\/index.php?rest_route=%2Fwp%2Fv2%2Fmedia&parent=1283"}],"wp:term":[{"taxonomy":"category","embeddable":true,"href":"https:\/\/noticierotamaulipeco.info\/index.php?rest_route=%2Fwp%2Fv2%2Fcategories&post=1283"},{"taxonomy":"post_tag","embeddable":true,"href":"https:\/\/noticierotamaulipeco.info\/index.php?rest_route=%2Fwp%2Fv2%2Ftags&post=1283"}],"curies":[{"name":"wp","href":"https:\/\/api.w.org\/{rel}","templated":true}]}}