{"id":1292,"date":"2024-01-21T19:20:00","date_gmt":"2024-01-21T19:20:00","guid":{"rendered":"https:\/\/noticierotamaulipeco.info\/?p=1292"},"modified":"2024-03-14T07:25:58","modified_gmt":"2024-03-14T07:25:58","slug":"la-formacion-humanistica-de-los-universitarios-es-nuestro-compromiso-damaso-anaya","status":"publish","type":"post","link":"https:\/\/noticierotamaulipeco.info\/?p=1292","title":{"rendered":"La formaci\u00f3n human\u00edstica de los universitarios es nuestro compromiso: D\u00e1maso Anaya"},"content":{"rendered":"\n<p>Ciudad Victoria, Tam.; 21 de enero de 2024.<\/p>\n\n\n\n<p>La formaci\u00f3n human\u00edstica de los universitarios es nuestro compromiso: D\u00e1maso Anaya<\/p>\n\n\n\n<p>En un emotivo encuentro con la comunidad estudiantil, docentes y personal<br>directivo de la Unidad Acad\u00e9mica de Trabajo Social y Ciencias para el Desarrollo<br>Humano (UATSCDH), el rector de la Universidad Aut\u00f3noma de Tamaulipas (UAT),<br>MVZ D\u00e1maso Anaya Alvarado, reiter\u00f3 el compromiso de fortalecer la formaci\u00f3n de<br>los j\u00f3venes con una visi\u00f3n human\u00edstica y m\u00e1s sensible a las necesidades de la<br>sociedad.<br>Como parte de su gira diagn\u00f3stica por las facultades, unidades acad\u00e9micas<br>y escuelas de la UAT, el rector D\u00e1maso Anaya Alvarado visit\u00f3 ese plantel<br>universitario del Campus Victoria, donde desarroll\u00f3 una amplia agenda de trabajo<br>para estrechar la colaboraci\u00f3n, sumar esfuerzos y avanzar en el mejoramiento y la<br>transformaci\u00f3n de la m\u00e1xima casa de estudios del estado.<br>La Dra. Guillermina de la Cruz Jim\u00e9nez God\u00ednez, directora de la UATSCDH,<br>presidi\u00f3 la entusiasta bienvenida que le brindaron al rector estudiantes y docentes<br>en la plazoleta central de la instituci\u00f3n.<br>El rector agradeci\u00f3 la emotiva recepci\u00f3n y resalt\u00f3 que el prop\u00f3sito de estos<br>encuentros es fortalecer la cercan\u00eda con la comunidad universitaria, escuchar sus<br>necesidades y conocer las fortalezas que pueden aportar al desarrollo institucional<br>y del estado.<br>Posteriormente, realiz\u00f3 un recorrido por el centro de investigaci\u00f3n y los<br>laboratorios de tecnolog\u00eda de alimentos y psicolog\u00eda, inspeccion\u00f3 el trabajo en el<br>Centro de Atenci\u00f3n para el Desarrollo Humano, convivi\u00f3 con estudiantes<br>deportistas y evalu\u00f3 proyectos de mejora en la infraestructura de esta unidad<br>acad\u00e9mica.<\/p>\n\n\n\n<p>En una charla con estudiantes de las carreras de Nutrici\u00f3n, Trabajo Social y<br>Psicolog\u00eda, quienes le reiteraron el apoyo a su liderazgo, el MVZ D\u00e1maso Anaya<br>subray\u00f3 la importancia de vincular estos programas de estudio con el desarrollo<br>del estado desde una perspectiva humanista.<br>En otra parte de la visita, el cuerpo docente de la Unidad Acad\u00e9mica de<br>Trabajo Social y Ciencias para el Desarrollo Humano expuso proyectos de<br>vinculaci\u00f3n social para fortalecer la formaci\u00f3n estudiantil y su conexi\u00f3n con<br>diversos sectores del desarrollo estatal, al tiempo de expresar su respaldo a la<br>visi\u00f3n y propuesta de trabajo institucional del rector de la UAT.<br>Finalmente, D\u00e1maso Anaya mantuvo encuentros con coordinadores de<br>carreras y l\u00edderes de cuerpos acad\u00e9micos, en los que reiter\u00f3 la importancia de la<br>investigaci\u00f3n, academia, humanismo y bienestar social en la Universidad.<\/p>\n","protected":false},"excerpt":{"rendered":"<p>Ciudad Victoria, Tam.; 21 de enero de 2024. La formaci\u00f3n human\u00edstica de los universitarios es&#8230;<\/p>\n","protected":false},"author":1,"featured_media":1293,"comment_status":"open","ping_status":"open","sticky":false,"template":"","format":"standard","meta":{"footnotes":""},"categories":[4],"tags":[],"class_list":["post-1292","post","type-post","status-publish","format-standard","has-post-thumbnail","hentry","category-educacion"],"_links":{"self":[{"href":"https:\/\/noticierotamaulipeco.info\/index.php?rest_route=\/wp\/v2\/posts\/1292","targetHints":{"allow":["GET"]}}],"collection":[{"href":"https:\/\/noticierotamaulipeco.info\/index.php?rest_route=\/wp\/v2\/posts"}],"about":[{"href":"https:\/\/noticierotamaulipeco.info\/index.php?rest_route=\/wp\/v2\/types\/post"}],"author":[{"embeddable":true,"href":"https:\/\/noticierotamaulipeco.info\/index.php?rest_route=\/wp\/v2\/users\/1"}],"replies":[{"embeddable":true,"href":"https:\/\/noticierotamaulipeco.info\/index.php?rest_route=%2Fwp%2Fv2%2Fcomments&post=1292"}],"version-history":[{"count":1,"href":"https:\/\/noticierotamaulipeco.info\/index.php?rest_route=\/wp\/v2\/posts\/1292\/revisions"}],"predecessor-version":[{"id":1294,"href":"https:\/\/noticierotamaulipeco.info\/index.php?rest_route=\/wp\/v2\/posts\/1292\/revisions\/1294"}],"wp:featuredmedia":[{"embeddable":true,"href":"https:\/\/noticierotamaulipeco.info\/index.php?rest_route=\/wp\/v2\/media\/1293"}],"wp:attachment":[{"href":"https:\/\/noticierotamaulipeco.info\/index.php?rest_route=%2Fwp%2Fv2%2Fmedia&parent=1292"}],"wp:term":[{"taxonomy":"category","embeddable":true,"href":"https:\/\/noticierotamaulipeco.info\/index.php?rest_route=%2Fwp%2Fv2%2Fcategories&post=1292"},{"taxonomy":"post_tag","embeddable":true,"href":"https:\/\/noticierotamaulipeco.info\/index.php?rest_route=%2Fwp%2Fv2%2Ftags&post=1292"}],"curies":[{"name":"wp","href":"https:\/\/api.w.org\/{rel}","templated":true}]}}