{"id":1298,"date":"2024-01-25T19:29:00","date_gmt":"2024-01-25T19:29:00","guid":{"rendered":"https:\/\/noticierotamaulipeco.info\/?p=1298"},"modified":"2024-03-14T07:40:16","modified_gmt":"2024-03-14T07:40:16","slug":"1298","status":"publish","type":"post","link":"https:\/\/noticierotamaulipeco.info\/?p=1298","title":{"rendered":"Hist\u00f3rico: van cinco aspirantes por la rector\u00eda de la UAT"},"content":{"rendered":"\n<p>Ciudad Victoria, Tam.; 25 de enero de 2024.<br><\/p>\n\n\n\n<p>\uf0b7 Se registran tres mujeres y dos hombres para obtener la candidatura del<br>proceso de elecci\u00f3n rectoral de la m\u00e1xima casa de estudios de la entidad<br>para el per\u00edodo 2024-2028.<\/p>\n\n\n\n<p>En un hecho hist\u00f3rico en la vida de la Universidad Aut\u00f3noma de Tamaulipas<br>(UAT), cinco aspirantes \u2014tres mujeres y dos hombres\u2014 se registraron para<br>obtener la candidatura del proceso de elecci\u00f3n rectoral de la m\u00e1xima casa de<br>estudios de la entidad.<br>De conformidad con el Estatuto Org\u00e1nico de la UAT, la Junta Permanente<br>de la Asamblea Universitaria recibi\u00f3 este jueves 25 de enero las postulaciones de<br>las dependencias acad\u00e9micas para la elecci\u00f3n de titular de la rector\u00eda para el<br>per\u00edodo 2024-2028.<br>En orden cronol\u00f3gico, fueron registrados el MVZ D\u00e1maso Leonardo Anaya<br>Alvarado, actual rector interino; la Mtra. Juana Maribel Sober\u00f3n Garc\u00eda, directora<br>de la Preparatoria N\u00fam. 3; la Dra. Luisa \u00c1lvarez Cervantes, docente de la Facultad<br>de Ciencias de la Educaci\u00f3n y Humanidades; la Mtra. Olga Ellinor Castrell\u00f3n<br>Rodr\u00edguez, docente de la Unidad Acad\u00e9mica Multidisciplinaria Valle Hermoso; y el<br>Dr. Olegario M\u00e9ndez Cabrera, docente de la Unidad Acad\u00e9mica Multidisciplinaria<br>Reynosa Rodhe.<br>De acuerdo con lo estipulado en la convocatoria emitida para dicho<br>proceso, el registro estuvo abierto de las 9:00 a las 18:00 horas, en la sede de la<br>Junta Permanente, ubicada en el sexto piso del edificio del Centro de Gesti\u00f3n del<br>Conocimiento del Campus Victoria.<br>La Junta Permanente de la Asamblea Universitaria est\u00e1 integrada por la<br>Dra. Karla Villarreal Sotelo, la Dra. Guillermina de la Cruz Jim\u00e9nez God\u00ednez y la <\/p>\n\n\n\n<p>Dra. Norma Laura Barrientos Villanueva, adem\u00e1s de los estudiantes Karol Michelle<br>Cruz P\u00e9rez, Rub\u00ed Reyes Mart\u00ednez y Jos\u00e9 H\u00e9ctor Lane Pedraza Silva.<br>El \u00f3rgano colegiado universitario, designado por la Asamblea para la<br>elecci\u00f3n, precis\u00f3 que las veintis\u00e9is dependencias acad\u00e9micas de la UAT<br>entregaron sus postulaciones, y que este viernes 26 de enero el proceso<br>continuar\u00e1 con las entrevistas a las personas aspirantes; mientras que el 2 de<br>febrero est\u00e1 programada la asamblea para dar a conocer el resultado de dicha<br>evaluaci\u00f3n, y, en esa misma sesi\u00f3n, se har\u00e1 la declaraci\u00f3n formal de la<br>candidatura.<br>Asimismo, se establece el d\u00eda 7 de febrero, de 7:00 a 18:00 horas, para<br>realizar la jornada de voto universal, libre, directo y secreto, tanto del personal<br>acad\u00e9mico como del alumnado.<br>El 9 de febrero sesionar\u00e1 la Asamblea Universitaria para que la Junta<br>Permanente presente los resultados electorales. Al concluir el informe se har\u00e1 la<br>declaraci\u00f3n y la toma de protesta de la persona ganadora de la elecci\u00f3n a la<br>rector\u00eda de la Universidad Autonom\u00eda de Tamaulipas.<\/p>\n","protected":false},"excerpt":{"rendered":"<p>Ciudad Victoria, Tam.; 25 de enero de 2024. \uf0b7 Se registran tres mujeres y dos&#8230;<\/p>\n","protected":false},"author":1,"featured_media":1301,"comment_status":"open","ping_status":"open","sticky":false,"template":"","format":"standard","meta":{"footnotes":""},"categories":[4],"tags":[],"class_list":["post-1298","post","type-post","status-publish","format-standard","has-post-thumbnail","hentry","category-educacion"],"_links":{"self":[{"href":"https:\/\/noticierotamaulipeco.info\/index.php?rest_route=\/wp\/v2\/posts\/1298","targetHints":{"allow":["GET"]}}],"collection":[{"href":"https:\/\/noticierotamaulipeco.info\/index.php?rest_route=\/wp\/v2\/posts"}],"about":[{"href":"https:\/\/noticierotamaulipeco.info\/index.php?rest_route=\/wp\/v2\/types\/post"}],"author":[{"embeddable":true,"href":"https:\/\/noticierotamaulipeco.info\/index.php?rest_route=\/wp\/v2\/users\/1"}],"replies":[{"embeddable":true,"href":"https:\/\/noticierotamaulipeco.info\/index.php?rest_route=%2Fwp%2Fv2%2Fcomments&post=1298"}],"version-history":[{"count":2,"href":"https:\/\/noticierotamaulipeco.info\/index.php?rest_route=\/wp\/v2\/posts\/1298\/revisions"}],"predecessor-version":[{"id":1303,"href":"https:\/\/noticierotamaulipeco.info\/index.php?rest_route=\/wp\/v2\/posts\/1298\/revisions\/1303"}],"wp:featuredmedia":[{"embeddable":true,"href":"https:\/\/noticierotamaulipeco.info\/index.php?rest_route=\/wp\/v2\/media\/1301"}],"wp:attachment":[{"href":"https:\/\/noticierotamaulipeco.info\/index.php?rest_route=%2Fwp%2Fv2%2Fmedia&parent=1298"}],"wp:term":[{"taxonomy":"category","embeddable":true,"href":"https:\/\/noticierotamaulipeco.info\/index.php?rest_route=%2Fwp%2Fv2%2Fcategories&post=1298"},{"taxonomy":"post_tag","embeddable":true,"href":"https:\/\/noticierotamaulipeco.info\/index.php?rest_route=%2Fwp%2Fv2%2Ftags&post=1298"}],"curies":[{"name":"wp","href":"https:\/\/api.w.org\/{rel}","templated":true}]}}