{"id":1307,"date":"2024-02-15T23:22:00","date_gmt":"2024-02-15T23:22:00","guid":{"rendered":"https:\/\/noticierotamaulipeco.info\/?p=1307"},"modified":"2024-03-14T11:25:37","modified_gmt":"2024-03-14T11:25:37","slug":"rector-y-diputados-federales-reafirman-lazos-para-impulsar-el-desarrollo-de-la-uat","status":"publish","type":"post","link":"https:\/\/noticierotamaulipeco.info\/?p=1307","title":{"rendered":"Rector y diputados federales reafirman lazos para impulsar el desarrollo de la UAT"},"content":{"rendered":"\n<p>Ciudad Victoria, Tamaulipas; 15 de febrero de 2024.<\/p>\n\n\n\n<p>Rector y diputados federales reafirman lazos para impulsar el desarrollo de la UAT<\/p>\n\n\n\n<p>En reuni\u00f3n con la Comisi\u00f3n de Presupuesto y Cuenta P\u00fablica de la C\u00e1mara de<br>Diputados, el MVZ D\u00e1maso Leonardo Anaya Alvarado, rector de la Universidad<br>Aut\u00f3noma de Tamaulipas (UAT), e integrantes de la legislatura federal, sostuvieron<br>una agenda de trabajo en la que reafirmaron los lazos de colaboraci\u00f3n para<br>impulsar el desarrollo de la m\u00e1xima casa de estudios de la entidad.<br>El diputado federal Erasmo Gonz\u00e1lez Robledo, presidente de la comisi\u00f3n<br>legislativa, recibi\u00f3 al rector D\u00e1maso Anaya en las instalaciones del palacio de San<br>L\u00e1zaro en la Ciudad de M\u00e9xico, acompa\u00f1ado por la Lic. Graciela B\u00e1ez Ric\u00e1rdez,<br>secretaria general de la C\u00e1mara de Diputados, e integrantes de la legislatura que<br>representan a distintos distritos de Tamaulipas.<br>En su oportunidad, el rector subray\u00f3 que la UAT tiene un marcado inter\u00e9s<br>en fortalecer la vinculaci\u00f3n con los diversos sectores buscando impactar en temas<br>importantes para el desarrollo de Tamaulipas, alineados al plan de trabajo del<br>gobernador Am\u00e9rico Villarreal Anaya.<br>En ese contexto, Anaya Alvarado apunt\u00f3 que se estar\u00e1n fortaleciendo las<br>gestiones presupuestales necesarias con las diferentes instancias federales y<br>estatales a fin de mejorar los programas educativos y la infraestructura acad\u00e9mica,<br>adem\u00e1s de otras acciones que permitan posicionar a la UAT entre las mejores<br>instituciones de educaci\u00f3n superior del pa\u00eds.<br>En la reuni\u00f3n estuvieron las diputadas federales Elva Agustina Vigil<br>Hern\u00e1ndez, Claudia Alejandra Hern\u00e1ndez S\u00e1enz, Ana Laura Huerta Valdovinos,<br>Blanca Araceli Narro Paname\u00f1o y Olga Juliana Elizondo Guerra, quienes, en<br>diferentes intervenciones, coincidieron en promover la educaci\u00f3n como <\/p>\n\n\n\n<p>mecanismo de movilidad social y motor de la transformaci\u00f3n, as\u00ed como sumar<br>esfuerzos para llevar a la educaci\u00f3n universitaria de Tamaulipas a los m\u00e1s altos<br>niveles de competitividad.<\/p>\n","protected":false},"excerpt":{"rendered":"<p>Ciudad Victoria, Tamaulipas; 15 de febrero de 2024. Rector y diputados federales reafirman lazos para&#8230;<\/p>\n","protected":false},"author":1,"featured_media":1308,"comment_status":"open","ping_status":"open","sticky":false,"template":"","format":"standard","meta":{"footnotes":""},"categories":[4],"tags":[],"class_list":["post-1307","post","type-post","status-publish","format-standard","has-post-thumbnail","hentry","category-educacion"],"_links":{"self":[{"href":"https:\/\/noticierotamaulipeco.info\/index.php?rest_route=\/wp\/v2\/posts\/1307","targetHints":{"allow":["GET"]}}],"collection":[{"href":"https:\/\/noticierotamaulipeco.info\/index.php?rest_route=\/wp\/v2\/posts"}],"about":[{"href":"https:\/\/noticierotamaulipeco.info\/index.php?rest_route=\/wp\/v2\/types\/post"}],"author":[{"embeddable":true,"href":"https:\/\/noticierotamaulipeco.info\/index.php?rest_route=\/wp\/v2\/users\/1"}],"replies":[{"embeddable":true,"href":"https:\/\/noticierotamaulipeco.info\/index.php?rest_route=%2Fwp%2Fv2%2Fcomments&post=1307"}],"version-history":[{"count":1,"href":"https:\/\/noticierotamaulipeco.info\/index.php?rest_route=\/wp\/v2\/posts\/1307\/revisions"}],"predecessor-version":[{"id":1309,"href":"https:\/\/noticierotamaulipeco.info\/index.php?rest_route=\/wp\/v2\/posts\/1307\/revisions\/1309"}],"wp:featuredmedia":[{"embeddable":true,"href":"https:\/\/noticierotamaulipeco.info\/index.php?rest_route=\/wp\/v2\/media\/1308"}],"wp:attachment":[{"href":"https:\/\/noticierotamaulipeco.info\/index.php?rest_route=%2Fwp%2Fv2%2Fmedia&parent=1307"}],"wp:term":[{"taxonomy":"category","embeddable":true,"href":"https:\/\/noticierotamaulipeco.info\/index.php?rest_route=%2Fwp%2Fv2%2Fcategories&post=1307"},{"taxonomy":"post_tag","embeddable":true,"href":"https:\/\/noticierotamaulipeco.info\/index.php?rest_route=%2Fwp%2Fv2%2Ftags&post=1307"}],"curies":[{"name":"wp","href":"https:\/\/api.w.org\/{rel}","templated":true}]}}