{"id":1329,"date":"2024-02-20T23:56:00","date_gmt":"2024-02-20T23:56:00","guid":{"rendered":"https:\/\/noticierotamaulipeco.info\/?p=1329"},"modified":"2024-03-14T11:59:27","modified_gmt":"2024-03-14T11:59:27","slug":"coloquio-juridico-y-administrativo-cultura-de-paz-implicaciones-y-perspectivas-2","status":"publish","type":"post","link":"https:\/\/noticierotamaulipeco.info\/?p=1329","title":{"rendered":"Coloquio Jur\u00eddico y Administrativo \u201cCultura de Paz: implicaciones y perspectivas\u201d"},"content":{"rendered":"\n<p><img loading=\"lazy\" decoding=\"async\" height=\"16\" width=\"16\" alt=\"\ud83d\udce3\" src=\"https:\/\/static.xx.fbcdn.net\/images\/emoji.php\/v9\/tba\/1\/16\/1f4e3.png\">\u00a1Comunidad <a href=\"https:\/\/www.facebook.com\/hashtag\/uat?__eep__=6&amp;__cft__[0]=AZW4IJmNf1la0Zq-5Zy9ThCVSpHWkZGYFADI6GwkpPR7hrxlohqLGl8LF_nVRfPm9jPZ4vW02THfALOERW02giyGJHj7PjPnEUkWjfzEOmIHSnD5z2LHwuyrN901mZvOC4qM_646mTQNJqaB8TyseqYz&amp;__tn__=*NK-R\">#UAT<\/a>!<\/p>\n\n\n\n<p>\u00danete a las mesas de debate del Primer Coloquio Jur\u00eddico y Administrativo \u201cCultura de Paz: implicaciones y perspectivas\u201d 4\u00b0 Etapa.<\/p>\n\n\n\n<p>Evento que se realizara el 22 de febrero 2024, 10:00 horas. <img loading=\"lazy\" decoding=\"async\" height=\"16\" width=\"16\" alt=\"\ud83d\udcc5\" src=\"https:\/\/static.xx.fbcdn.net\/images\/emoji.php\/v9\/t7e\/1\/16\/1f4c5.png\"><\/p>\n\n\n\n<p><img loading=\"lazy\" decoding=\"async\" height=\"16\" width=\"16\" alt=\"\ud83d\udc49\" src=\"https:\/\/static.xx.fbcdn.net\/images\/emoji.php\/v9\/t51\/1\/16\/1f449.png\">Las mesas de trabajo se podr\u00e1n seguir en vivo a trav\u00e9s del <a href=\"https:\/\/www.facebook.com\/INIJAPUAT?__cft__[0]=AZW4IJmNf1la0Zq-5Zy9ThCVSpHWkZGYFADI6GwkpPR7hrxlohqLGl8LF_nVRfPm9jPZ4vW02THfALOERW02giyGJHj7PjPnEUkWjfzEOmIHSnD5z2LHwuyrN901mZvOC4qM_646mTQNJqaB8TyseqYz&amp;__tn__=-]K-R\">Instituto de Inv. Jur\u00eddicas y de la Adm\u00f3n. P\u00fablica<\/a> en cuyo chat se podr\u00e1n enviar preguntas y comentarios a cada ponencia.<\/p>\n","protected":false},"excerpt":{"rendered":"<p>\u00a1Comunidad #UAT! \u00danete a las mesas de debate del Primer Coloquio Jur\u00eddico y Administrativo \u201cCultura&#8230;<\/p>\n","protected":false},"author":1,"featured_media":1331,"comment_status":"open","ping_status":"open","sticky":false,"template":"","format":"standard","meta":{"footnotes":""},"categories":[4],"tags":[],"class_list":["post-1329","post","type-post","status-publish","format-standard","has-post-thumbnail","hentry","category-educacion"],"_links":{"self":[{"href":"https:\/\/noticierotamaulipeco.info\/index.php?rest_route=\/wp\/v2\/posts\/1329","targetHints":{"allow":["GET"]}}],"collection":[{"href":"https:\/\/noticierotamaulipeco.info\/index.php?rest_route=\/wp\/v2\/posts"}],"about":[{"href":"https:\/\/noticierotamaulipeco.info\/index.php?rest_route=\/wp\/v2\/types\/post"}],"author":[{"embeddable":true,"href":"https:\/\/noticierotamaulipeco.info\/index.php?rest_route=\/wp\/v2\/users\/1"}],"replies":[{"embeddable":true,"href":"https:\/\/noticierotamaulipeco.info\/index.php?rest_route=%2Fwp%2Fv2%2Fcomments&post=1329"}],"version-history":[{"count":1,"href":"https:\/\/noticierotamaulipeco.info\/index.php?rest_route=\/wp\/v2\/posts\/1329\/revisions"}],"predecessor-version":[{"id":1332,"href":"https:\/\/noticierotamaulipeco.info\/index.php?rest_route=\/wp\/v2\/posts\/1329\/revisions\/1332"}],"wp:featuredmedia":[{"embeddable":true,"href":"https:\/\/noticierotamaulipeco.info\/index.php?rest_route=\/wp\/v2\/media\/1331"}],"wp:attachment":[{"href":"https:\/\/noticierotamaulipeco.info\/index.php?rest_route=%2Fwp%2Fv2%2Fmedia&parent=1329"}],"wp:term":[{"taxonomy":"category","embeddable":true,"href":"https:\/\/noticierotamaulipeco.info\/index.php?rest_route=%2Fwp%2Fv2%2Fcategories&post=1329"},{"taxonomy":"post_tag","embeddable":true,"href":"https:\/\/noticierotamaulipeco.info\/index.php?rest_route=%2Fwp%2Fv2%2Ftags&post=1329"}],"curies":[{"name":"wp","href":"https:\/\/api.w.org\/{rel}","templated":true}]}}