{"id":1352,"date":"2024-03-06T13:39:07","date_gmt":"2024-03-06T13:39:07","guid":{"rendered":"https:\/\/noticierotamaulipeco.info\/?p=1352"},"modified":"2024-03-14T14:09:18","modified_gmt":"2024-03-14T14:09:18","slug":"presenta-damaso-anaya-proyectos-academicos-de-la-uat-en-nuevo-laredo","status":"publish","type":"post","link":"https:\/\/noticierotamaulipeco.info\/?p=1352","title":{"rendered":"Presenta D\u00e1maso Anaya proyectos acad\u00e9micos de la UAT en Nuevo Laredo"},"content":{"rendered":"\n<p>Nuevo Laredo, Tamaulipas; 6 de marzo de 2024.<br>Presenta D\u00e1maso Anaya proyectos acad\u00e9micos de la UAT en Nuevo Laredo<\/p>\n\n\n\n<p>El rector D\u00e1maso Leonardo Anaya Alvarado presidi\u00f3 en Nuevo Laredo la<br>presentaci\u00f3n de proyectos que impulsa la Universidad Aut\u00f3noma de Tamaulipas<br>(UAT) en esta regi\u00f3n fronteriza y cuyo prop\u00f3sito es garantizar a los j\u00f3venes<br>mejores oportunidades para su desarrollo acad\u00e9mico y laboral.<br>En la Facultad de Comercio, Administraci\u00f3n y Ciencias Sociales de Nuevo<br>Laredo (FCACSNL), el MVZ D\u00e1maso Anaya dio a conocer el proyecto para la<br>creaci\u00f3n de la Licenciatura en Administraci\u00f3n del Transporte, que impartir\u00e1 ese<br>plantel universitario.<br>De igual manera se llev\u00f3 a cabo la firma de un convenio de colaboraci\u00f3n<br>interinstitucional con el municipio de Nuevo Laredo; y se sentaron las bases para<br>la construcci\u00f3n de un nuevo espacio universitario en esta ciudad, que alojar\u00e1<br>aulas, equipamiento e infraestructura de la Facultad de Enfermer\u00eda de Nuevo<br>Laredo (FENL), adem\u00e1s de programas educativos de la FCACSNL.<br>El rector sostuvo un encuentro con la comunidad universitaria, en el que<br>reafirm\u00f3 el compromiso de dar un mayor impulso al desarrollo de la UAT en un<br>estrecho lazo con la sociedad y el sector productivo, donde se destaca la<br>colaboraci\u00f3n con la Asociaci\u00f3n de Agentes Aduanales y diversos organismos<br>empresariales.<br>Dijo que, bajo esta nueva visi\u00f3n, la UAT busca formar profesionales que<br>trasciendan las aulas y tengan un impacto en el bienestar de la comunidad.<br>\u201cEstamos comprometidos con la formaci\u00f3n de profesionales \u00edntegros, cr\u00edticos y<br>socialmente responsables, capaces de enfrentar los desaf\u00edos del ma\u00f1ana y<br>contribuir al desarrollo sustentable de Tamaulipas\u201d, indic\u00f3.<br>Asimismo, destac\u00f3 la colaboraci\u00f3n con los \u00f3rdenes de gobierno y con la<br>iniciativa privada, como una herramienta que ayudar\u00e1 a la UAT a avanzar a pasos<br>agigantados, pero de forma clara y honesta.<\/p>\n\n\n\n<p>\u201cAs\u00ed reafirmamos nuestro compromiso con el progreso de Tamaulipas, y esta<br>labor es testimonio del trabajo conjunto que estamos dispuestos a realizar por el<br>bienestar de nuestra comunidad\u201d, subray\u00f3.<br>De igual manera, el rector destac\u00f3 la colaboraci\u00f3n de la Lic. Carmen Lilia<br>Canturosas Villarreal en las acciones que realiza la presidencia municipal con la<br>Universidad para extender proyectos educativos a la comunidad estudiantil<br>neolaredense.<br>En la ceremonia agradeci\u00f3 la presencia del Lic. Eduardo A. Garza Robles,<br>empresario egresado de la Facultad de Comercio de Nuevo Laredo, a quien<br>destac\u00f3 su reconocimiento por ser un pilar fundamental en la consolidaci\u00f3n de la<br>relaci\u00f3n comercial y econ\u00f3mica entre los dos Laredos, contribuyendo al<br>fortalecimiento de la econom\u00eda en la regi\u00f3n.<br>Por su parte, el Lic. Garza Robles, presidente de la empresa UNITRADE,<br>resalt\u00f3 que la colaboraci\u00f3n entre autoridades, el sector empresarial y la<br>Universidad es importante para impulsar el crecimiento econ\u00f3mico, fomentar la<br>innovaci\u00f3n y el desarrollo sostenible.<br>Por su parte, el Mtro. Ren\u00e9 Adri\u00e1n Salinas Salinas, director de la Facultad de<br>Comercio, Administraci\u00f3n y Ciencias Sociales, reconoci\u00f3 el inter\u00e9s del rector<br>D\u00e1maso Anaya Alvarado por fortalecer la oferta educativa, y a\u00f1adi\u00f3 que, como<br>parte de ese trabajo, se preparan nuevos esquemas vinculados al sector aduanal,<br>el trasporte y la industria maquiladora.<br>Finalmente, la Mtra. Ver\u00f3nica Guajardo Balderas, directora de la Facultad de<br>Enfermer\u00eda, agradeci\u00f3 al MVZ D\u00e1maso Anaya Alvarado su esfuerzo por que la<br>UAT fortalezca la educaci\u00f3n superior que ofrece en la entidad, trabajando<br>arduamente en los programas de licenciatura y de posgrado.<br>En el desarrollo de las actividades se cont\u00f3 con la presencia de la Lic. Carmen<br>Lilia Canturosas Villarreal, presidenta municipal de Nuevo Laredo, el Lic. Mario<br>Palos Garza, agente aduanal y presidente del Grupo Palos Garza; la Lic. Ivette<br>Baz\u00e1n M\u00fazquiz, presidenta de la Fundaci\u00f3n ATC; y el Ing. Enrique Mor\u00e1n Romero, presidente de INDEX Nuevo Laredo, entre otras personalidades.<\/p>\n","protected":false},"excerpt":{"rendered":"<p>Nuevo Laredo, Tamaulipas; 6 de marzo de 2024.Presenta D\u00e1maso Anaya proyectos acad\u00e9micos de la UAT&#8230;<\/p>\n","protected":false},"author":1,"featured_media":1353,"comment_status":"open","ping_status":"open","sticky":false,"template":"","format":"standard","meta":{"footnotes":""},"categories":[4],"tags":[],"class_list":["post-1352","post","type-post","status-publish","format-standard","has-post-thumbnail","hentry","category-educacion"],"_links":{"self":[{"href":"https:\/\/noticierotamaulipeco.info\/index.php?rest_route=\/wp\/v2\/posts\/1352","targetHints":{"allow":["GET"]}}],"collection":[{"href":"https:\/\/noticierotamaulipeco.info\/index.php?rest_route=\/wp\/v2\/posts"}],"about":[{"href":"https:\/\/noticierotamaulipeco.info\/index.php?rest_route=\/wp\/v2\/types\/post"}],"author":[{"embeddable":true,"href":"https:\/\/noticierotamaulipeco.info\/index.php?rest_route=\/wp\/v2\/users\/1"}],"replies":[{"embeddable":true,"href":"https:\/\/noticierotamaulipeco.info\/index.php?rest_route=%2Fwp%2Fv2%2Fcomments&post=1352"}],"version-history":[{"count":1,"href":"https:\/\/noticierotamaulipeco.info\/index.php?rest_route=\/wp\/v2\/posts\/1352\/revisions"}],"predecessor-version":[{"id":1354,"href":"https:\/\/noticierotamaulipeco.info\/index.php?rest_route=\/wp\/v2\/posts\/1352\/revisions\/1354"}],"wp:featuredmedia":[{"embeddable":true,"href":"https:\/\/noticierotamaulipeco.info\/index.php?rest_route=\/wp\/v2\/media\/1353"}],"wp:attachment":[{"href":"https:\/\/noticierotamaulipeco.info\/index.php?rest_route=%2Fwp%2Fv2%2Fmedia&parent=1352"}],"wp:term":[{"taxonomy":"category","embeddable":true,"href":"https:\/\/noticierotamaulipeco.info\/index.php?rest_route=%2Fwp%2Fv2%2Fcategories&post=1352"},{"taxonomy":"post_tag","embeddable":true,"href":"https:\/\/noticierotamaulipeco.info\/index.php?rest_route=%2Fwp%2Fv2%2Ftags&post=1352"}],"curies":[{"name":"wp","href":"https:\/\/api.w.org\/{rel}","templated":true}]}}