{"id":1355,"date":"2024-03-07T14:10:02","date_gmt":"2024-03-07T14:10:02","guid":{"rendered":"https:\/\/noticierotamaulipeco.info\/?p=1355"},"modified":"2024-03-14T14:11:56","modified_gmt":"2024-03-14T14:11:56","slug":"participa-la-uat-en-primera-reunion-del-ecoes-2024-para-fortalecer-la-educacion-superior-en-tamaulipas","status":"publish","type":"post","link":"https:\/\/noticierotamaulipeco.info\/?p=1355","title":{"rendered":"Participa la UAT en primera reuni\u00f3n del ECOES 2024 para fortalecer la educaci\u00f3n superior en Tamaulipas"},"content":{"rendered":"\n<p>Ciudad Victoria, Tamaulipas, 7 de marzo de 2024.<br>Participa la UAT en primera reuni\u00f3n del ECOES 2024 para fortalecer la educaci\u00f3n superior en Tamaulipas<\/p>\n\n\n\n<p>Con la presencia del Dr. Luciano Concheiro B\u00f3rquez, subsecretario de Educaci\u00f3n Superior<br>de la Secretar\u00eda de Educaci\u00f3n P\u00fablica (SEP), se llev\u00f3 a cabo en esta capital la primera<br>reuni\u00f3n del Espacio Com\u00fan de la Educaci\u00f3n Superior (ECOES) 2024, que tuvo como sede<br>a la Universidad Aut\u00f3noma de Tamaulipas (UAT).<br>El MVZ D\u00e1maso Leonardo Anaya Alvarado, rector de la UAT, dio la bienvenida a<br>titulares y representantes de alrededor de sesenta instituciones de educaci\u00f3n superior<br>p\u00fablicas y privadas de todo el estado, quienes participaron en este encuentro que busca,<br>mediante el di\u00e1logo y el acercamiento entre los miembros de este espacio de colaboraci\u00f3n<br>educativa, el fortalecimiento de la educaci\u00f3n superior.<br>Correspondi\u00f3 a la titular de la secretaria de Educaci\u00f3n de Tamaulipas clausurar los<br>trabajos del evento en donde participaron universidades tecnol\u00f3gicas, polit\u00e9cnicas,<br>institutos tecnol\u00f3gicos, escuelas de educaci\u00f3n normal, entre otras instituciones y<br>organismos.<br>En la reuni\u00f3n del ECOES, celebrada en la Biblioteca Central de la UAT Campus<br>Victoria, el Dr. Leonardo Concheiro B\u00f3rquez agradeci\u00f3 al rector por la disposici\u00f3n de<br>celebrar en sus instalaciones este encuentro que, dijo, representa un ejercicio de trabajo<br>conjunto de radiograf\u00eda general del sistema educativo de investigaci\u00f3n y de difusi\u00f3n de la<br>cultura desde la educaci\u00f3n superior.<br>El subsecretario de Educaci\u00f3n Superior puntualiz\u00f3 la necesidad de profundizar en<br>los escenarios futuros acerca de los temas que m\u00e1s apremian y que se hace necesario<br>construir para este sector, luego de abordar de manera amplia conceptos como la cobertura,<br>absorci\u00f3n de estudiantes de educaci\u00f3n media superior, tasas de deserci\u00f3n, titulaci\u00f3n,<br>demanda del mercado aboral, crecimiento de la matr\u00edcula, entre otros.<br>\u201cAsistimos a un ejercicio que procura hacer radiograf\u00eda de lo que venimos<br>trabajando. Necesitamos dar el siguiente paso urgente. Una prospectiva de profundizar en<\/p>\n\n\n\n<p>los escenarios de futuro que se nos presentan y que tenemos que hacer para empujar<br>fuerte\u201d, a\u00f1adi\u00f3 el Dr. Leonardo Concheiro.<br>En su oportunidad, el rector D\u00e1maso Anaya present\u00f3 la visi\u00f3n que estar\u00e1<br>impulsando en la UAT, bajo los principios de colaboraci\u00f3n y desarrollo de nuestro estado y<br>nuestro pa\u00eds. \u201cUna visi\u00f3n que nos permitir\u00e1 abonar en la formaci\u00f3n integral de nuestros<br>estudiantes con un enfoque humanista, de transformaci\u00f3n y de excelencia acad\u00e9mica\u201d.<br>Agradeci\u00f3 al Dr. Leonardo Concheiro por la apertura de este trabajo del ECOES, as\u00ed<br>como a las instituciones que son miembros de este importante organismo.<br>\u201cLa UAT siempre ser\u00e1 su casa, trabajemos siempre con las puertas abiertas para<br>ustedes, y de la mano con el Gobierno del Estado continuaremos avanzando para lograr la<br>trasformaci\u00f3n de la educaci\u00f3n superior en Tamaulipas\u201d, concluy\u00f3 el rector.<br>El ECOES es una instancia creada para enriquecer la formaci\u00f3n de los<br>profesionales. Entre sus tareas se encuentran la movilidad de estudiantes y profesores, la<br>armonizaci\u00f3n de planes y programas de estudio, el fortalecimiento de \u00e1reas estrat\u00e9gicas y<br>su f\u00f3rmula como promotora de los beneficios a otras instituciones de educaci\u00f3n superior<br>p\u00fablicas del pa\u00eds.<\/p>\n","protected":false},"excerpt":{"rendered":"<p>Ciudad Victoria, Tamaulipas, 7 de marzo de 2024.Participa la UAT en primera reuni\u00f3n del ECOES&#8230;<\/p>\n","protected":false},"author":1,"featured_media":1356,"comment_status":"open","ping_status":"open","sticky":false,"template":"","format":"standard","meta":{"footnotes":""},"categories":[4],"tags":[],"class_list":["post-1355","post","type-post","status-publish","format-standard","has-post-thumbnail","hentry","category-educacion"],"_links":{"self":[{"href":"https:\/\/noticierotamaulipeco.info\/index.php?rest_route=\/wp\/v2\/posts\/1355","targetHints":{"allow":["GET"]}}],"collection":[{"href":"https:\/\/noticierotamaulipeco.info\/index.php?rest_route=\/wp\/v2\/posts"}],"about":[{"href":"https:\/\/noticierotamaulipeco.info\/index.php?rest_route=\/wp\/v2\/types\/post"}],"author":[{"embeddable":true,"href":"https:\/\/noticierotamaulipeco.info\/index.php?rest_route=\/wp\/v2\/users\/1"}],"replies":[{"embeddable":true,"href":"https:\/\/noticierotamaulipeco.info\/index.php?rest_route=%2Fwp%2Fv2%2Fcomments&post=1355"}],"version-history":[{"count":1,"href":"https:\/\/noticierotamaulipeco.info\/index.php?rest_route=\/wp\/v2\/posts\/1355\/revisions"}],"predecessor-version":[{"id":1357,"href":"https:\/\/noticierotamaulipeco.info\/index.php?rest_route=\/wp\/v2\/posts\/1355\/revisions\/1357"}],"wp:featuredmedia":[{"embeddable":true,"href":"https:\/\/noticierotamaulipeco.info\/index.php?rest_route=\/wp\/v2\/media\/1356"}],"wp:attachment":[{"href":"https:\/\/noticierotamaulipeco.info\/index.php?rest_route=%2Fwp%2Fv2%2Fmedia&parent=1355"}],"wp:term":[{"taxonomy":"category","embeddable":true,"href":"https:\/\/noticierotamaulipeco.info\/index.php?rest_route=%2Fwp%2Fv2%2Fcategories&post=1355"},{"taxonomy":"post_tag","embeddable":true,"href":"https:\/\/noticierotamaulipeco.info\/index.php?rest_route=%2Fwp%2Fv2%2Ftags&post=1355"}],"curies":[{"name":"wp","href":"https:\/\/api.w.org\/{rel}","templated":true}]}}