{"id":1358,"date":"2024-03-08T14:12:06","date_gmt":"2024-03-08T14:12:06","guid":{"rendered":"https:\/\/noticierotamaulipeco.info\/?p=1358"},"modified":"2024-03-14T14:13:48","modified_gmt":"2024-03-14T14:13:48","slug":"preside-isolda-rendon-evento-de-la-uat-por-el-dia-internacional-de-la-mujer","status":"publish","type":"post","link":"https:\/\/noticierotamaulipeco.info\/?p=1358","title":{"rendered":"Preside Isolda Rend\u00f3n evento de la UAT por el D\u00eda Internacional de la Mujer"},"content":{"rendered":"\n<p>Ciudad Victoria, Tamaulipas; 8 de marzo de 2024.<br>Preside Isolda Rend\u00f3n evento de la UAT por el D\u00eda Internacional de la Mujer<\/p>\n\n\n\n<p>Con la asistencia de la Lic. Isolda Rend\u00f3n de Anaya, presidenta del voluntariado<br>universitario Familia UAT, se llev\u00f3 a cabo la presentaci\u00f3n de la conferencia &#8220;Mujer<br>universitaria&#8221;, impartida dentro de las actividades organizadas por la Universidad<br>Aut\u00f3noma de Tamaulipas con motivo del D\u00eda Internacional de la Mujer.<br>En el evento realizado en el auditorio de la Unidad Acad\u00e9mica de Trabajo<br>Social y Ciencias para el Desarrollo Humano (UATSCDH), la Lic. Isolda Rend\u00f3n,<br>en representaci\u00f3n de su esposo, el rector de la UAT, MVZ D\u00e1maso Anaya<br>Alvarado, le hizo entrega de un reconocimiento a la conferencista, Mtra. Gloria Luz<br>Gatica Jim\u00e9nez, por su contribuci\u00f3n al impulso de la agenda de g\u00e9nero en la<br>instituci\u00f3n.<br>Se destac\u00f3 en este marco el compromiso de la Universidad con la igualdad<br>de g\u00e9nero y la promoci\u00f3n de los derechos de la mujer en la sociedad,<br>reconociendo el valor y la lucha de las mujeres en Tamaulipas.<br>En el evento estuvo presente la Mtra. Laura Garc\u00eda \u00c1lvarez, coordinadora<br>ejecutiva de Familia UAT, estudiantes universitarias y representantes de facultades<br>como Enfermer\u00eda Victoria (FEV), Comercio y Administraci\u00f3n Victoria (FCAV),<br>Trabajo Social y Ciencias para el Desarrollo Humano (UATSCDH), y Ciencias,<br>Educaci\u00f3n y Humanidades (FCEH), quienes reafirmaron el compromiso de la<br>Universidad con la causa.<br>La Universidad Aut\u00f3noma de Tamaulipas (UAT), a trav\u00e9s de Familia UAT,<br>desempe\u00f1\u00f3 un papel destacado en la conmemoraci\u00f3n del D\u00eda Internacional de la<br>Mujer el 8 de marzo, al organizar la conferencia &#8220;Mujer universitaria&#8221;, en la que se<br>abordaron estrategias y herramientas pr\u00e1cticas para fomentar el liderazgo y el<br>desarrollo profesional, haciendo hincapi\u00e9 en la importancia de la educaci\u00f3n, el<br>mentorazgo y la colaboraci\u00f3n entre pares como medios para potenciar el talento y <\/p>\n\n\n\n<p>la capacidad de las mujeres en todos los \u00e1mbitos de la sociedad.<br>Gloria Luz Gatica Jim\u00e9nez, reconocida mentora, coach y conferencista,<br>comparti\u00f3 su experiencia y conocimientos para concientizar a los asistentes sobre<br>la importancia de establecer relaciones de respeto y equidad entre hombres y<br>mujeres en todos los \u00e1mbitos de la sociedad.<br>La conferencia proporcion\u00f3 un espacio valioso para el intercambio de ideas,<br>el aprendizaje mutuo y la construcci\u00f3n de redes de apoyo entre mujeres<br>universitarias y profesionales.<\/p>\n","protected":false},"excerpt":{"rendered":"<p>Ciudad Victoria, Tamaulipas; 8 de marzo de 2024.Preside Isolda Rend\u00f3n evento de la UAT por&#8230;<\/p>\n","protected":false},"author":1,"featured_media":1359,"comment_status":"open","ping_status":"open","sticky":false,"template":"","format":"standard","meta":{"footnotes":""},"categories":[4],"tags":[],"class_list":["post-1358","post","type-post","status-publish","format-standard","has-post-thumbnail","hentry","category-educacion"],"_links":{"self":[{"href":"https:\/\/noticierotamaulipeco.info\/index.php?rest_route=\/wp\/v2\/posts\/1358","targetHints":{"allow":["GET"]}}],"collection":[{"href":"https:\/\/noticierotamaulipeco.info\/index.php?rest_route=\/wp\/v2\/posts"}],"about":[{"href":"https:\/\/noticierotamaulipeco.info\/index.php?rest_route=\/wp\/v2\/types\/post"}],"author":[{"embeddable":true,"href":"https:\/\/noticierotamaulipeco.info\/index.php?rest_route=\/wp\/v2\/users\/1"}],"replies":[{"embeddable":true,"href":"https:\/\/noticierotamaulipeco.info\/index.php?rest_route=%2Fwp%2Fv2%2Fcomments&post=1358"}],"version-history":[{"count":1,"href":"https:\/\/noticierotamaulipeco.info\/index.php?rest_route=\/wp\/v2\/posts\/1358\/revisions"}],"predecessor-version":[{"id":1360,"href":"https:\/\/noticierotamaulipeco.info\/index.php?rest_route=\/wp\/v2\/posts\/1358\/revisions\/1360"}],"wp:featuredmedia":[{"embeddable":true,"href":"https:\/\/noticierotamaulipeco.info\/index.php?rest_route=\/wp\/v2\/media\/1359"}],"wp:attachment":[{"href":"https:\/\/noticierotamaulipeco.info\/index.php?rest_route=%2Fwp%2Fv2%2Fmedia&parent=1358"}],"wp:term":[{"taxonomy":"category","embeddable":true,"href":"https:\/\/noticierotamaulipeco.info\/index.php?rest_route=%2Fwp%2Fv2%2Fcategories&post=1358"},{"taxonomy":"post_tag","embeddable":true,"href":"https:\/\/noticierotamaulipeco.info\/index.php?rest_route=%2Fwp%2Fv2%2Ftags&post=1358"}],"curies":[{"name":"wp","href":"https:\/\/api.w.org\/{rel}","templated":true}]}}