{"id":1367,"date":"2024-03-11T14:18:08","date_gmt":"2024-03-11T14:18:08","guid":{"rendered":"https:\/\/noticierotamaulipeco.info\/?p=1367"},"modified":"2024-03-14T14:20:42","modified_gmt":"2024-03-14T14:20:42","slug":"recibe-la-uat-reconocimiento-nacional-de-la-secretaria-de-agricultura-y-desarrollo-rural","status":"publish","type":"post","link":"https:\/\/noticierotamaulipeco.info\/?p=1367","title":{"rendered":"Recibe la UAT reconocimiento nacional de la Secretar\u00eda de Agricultura y Desarrollo Rural"},"content":{"rendered":"\n<p>Ciudad Victoria, Tamaulipas; 11 de marzo de 2024.<\/p>\n\n\n\n<p>Recibe la UAT reconocimiento nacional de la Secretar\u00eda de Agricultura y Desarrollo Rural<\/p>\n\n\n\n<p>Por su prestigio en la formaci\u00f3n de profesionales y el aporte en materia de<br>investigaci\u00f3n para el desarrollo del campo mexicano, la Universidad Aut\u00f3noma de<br>Tamaulipas (UAT) recibi\u00f3 un reconocimiento de la Secretar\u00eda de Agricultura y<br>Desarrollo Rural (SADER) en el marco de la ceremonia del D\u00eda Nacional de la<br>Ganader\u00eda celebrada en la ciudad de M\u00e9xico.<br>El rector de la UAT, MVZ D\u00e1maso Leonardo Anaya Alvarado, recibi\u00f3 el<br>reconocimiento entregado por el titular de la SADER, Ing. V\u00edctor Villalobos<br>Ar\u00e1mbula, con la presencia del presidente de la Confederaci\u00f3n Nacional de<br>Organizaciones Ganaderas (CNOG), Homero Garc\u00eda de la Llata.<br>La UAT fue elegida por parte del comit\u00e9 formado en la SADER, que<br>reconoci\u00f3 su prestigio en la formaci\u00f3n de profesionales en temas pecuarios y de<br>desarrollo en materia de sustentabilidad.<br>Acompa\u00f1ado del director de la FMVZ, Dr. Flaviano Benavides Gonz\u00e1lez, y<br>del director de la Facultad de Ingenier\u00eda y Ciencias (FIC), Mtro. Vicente Paul<br>Sald\u00edvar Alonso, el rector D\u00e1maso Anaya Alvarado expres\u00f3 que el reconocimiento<br>es un incentivo a seguir trabajando en la formaci\u00f3n de profesionales que contin\u00faen<br>aportando al desarrollo del campo mexicano.<br>Destac\u00f3 que la Universidad redoblar\u00e1 el impulso a proyectos cient\u00edficos que<br>sirvan para resolver los problemas que se presentan en el sector pecuario de<br>nuestro pa\u00eds.<\/p>\n\n\n\n<p>Cabe se\u00f1alar que el D\u00eda Nacional de la Ganader\u00eda se estableci\u00f3 en 2016 en<br>el Diario Oficial de la Federaci\u00f3n para celebrarse cada 6 de marzo, con la<br>intenci\u00f3n de reconocer los logros y aportaciones que hacen los ganaderos a la alimentaci\u00f3n mexicana y a la econom\u00eda nacional.<\/p>\n","protected":false},"excerpt":{"rendered":"<p>Ciudad Victoria, Tamaulipas; 11 de marzo de 2024. Recibe la UAT reconocimiento nacional de la&#8230;<\/p>\n","protected":false},"author":1,"featured_media":1368,"comment_status":"open","ping_status":"open","sticky":false,"template":"","format":"standard","meta":{"footnotes":""},"categories":[4],"tags":[],"class_list":["post-1367","post","type-post","status-publish","format-standard","has-post-thumbnail","hentry","category-educacion"],"_links":{"self":[{"href":"https:\/\/noticierotamaulipeco.info\/index.php?rest_route=\/wp\/v2\/posts\/1367","targetHints":{"allow":["GET"]}}],"collection":[{"href":"https:\/\/noticierotamaulipeco.info\/index.php?rest_route=\/wp\/v2\/posts"}],"about":[{"href":"https:\/\/noticierotamaulipeco.info\/index.php?rest_route=\/wp\/v2\/types\/post"}],"author":[{"embeddable":true,"href":"https:\/\/noticierotamaulipeco.info\/index.php?rest_route=\/wp\/v2\/users\/1"}],"replies":[{"embeddable":true,"href":"https:\/\/noticierotamaulipeco.info\/index.php?rest_route=%2Fwp%2Fv2%2Fcomments&post=1367"}],"version-history":[{"count":1,"href":"https:\/\/noticierotamaulipeco.info\/index.php?rest_route=\/wp\/v2\/posts\/1367\/revisions"}],"predecessor-version":[{"id":1369,"href":"https:\/\/noticierotamaulipeco.info\/index.php?rest_route=\/wp\/v2\/posts\/1367\/revisions\/1369"}],"wp:featuredmedia":[{"embeddable":true,"href":"https:\/\/noticierotamaulipeco.info\/index.php?rest_route=\/wp\/v2\/media\/1368"}],"wp:attachment":[{"href":"https:\/\/noticierotamaulipeco.info\/index.php?rest_route=%2Fwp%2Fv2%2Fmedia&parent=1367"}],"wp:term":[{"taxonomy":"category","embeddable":true,"href":"https:\/\/noticierotamaulipeco.info\/index.php?rest_route=%2Fwp%2Fv2%2Fcategories&post=1367"},{"taxonomy":"post_tag","embeddable":true,"href":"https:\/\/noticierotamaulipeco.info\/index.php?rest_route=%2Fwp%2Fv2%2Ftags&post=1367"}],"curies":[{"name":"wp","href":"https:\/\/api.w.org\/{rel}","templated":true}]}}