{"id":1373,"date":"2024-03-12T14:22:28","date_gmt":"2024-03-12T14:22:28","guid":{"rendered":"https:\/\/noticierotamaulipeco.info\/?p=1373"},"modified":"2024-03-14T14:23:58","modified_gmt":"2024-03-14T14:23:58","slug":"participa-uat-en-la-mesa-de-coordinacion-para-la-construccion-de-la-paz","status":"publish","type":"post","link":"https:\/\/noticierotamaulipeco.info\/?p=1373","title":{"rendered":"Participa UAT en la mesa de coordinaci\u00f3n para la construcci\u00f3n de la paz"},"content":{"rendered":"\n<p>Ciudad Victoria, Tamaulipas; 12 de marzo de 2024.<\/p>\n\n\n\n<p>Participa UAT en la mesa de coordinaci\u00f3n para la construcci\u00f3n de la paz<\/p>\n\n\n\n<p>El rector de la Universidad Aut\u00f3noma de Tamaulipas (UAT), MVZ D\u00e1maso Leonardo<br>Anaya Alvarado, particip\u00f3 este martes en la reuni\u00f3n de la Mesa de Coordinaci\u00f3n para la<br>Construcci\u00f3n de la Paz que presidi\u00f3 el gobernador del estado, Dr. Am\u00e9rico<br>Villarreal Anaya.<br>La UAT ha sido invitada para integrarse a esta importante iniciativa, y por primera<br>vez participa en la reuni\u00f3n de esta suma de esfuerzos interinstitucionales, destac\u00e1ndose<br>que la Universidad estar\u00e1 peri\u00f3dicamente en las sesiones para la coordinaci\u00f3n de acciones<br>que contribuyan a garantizar un ambiente sano y arm\u00f3nico en todas las instalaciones<br>universitarias.<br>Durante la reuni\u00f3n, el rector D\u00e1maso Anaya present\u00f3 un panorama general de la<br>UAT y la distribuci\u00f3n de sus instalaciones ubicadas en ocho campus en el estado, donde<br>actualmente se atiende una poblaci\u00f3n de alrededor de cuarenta y cinco mil personas,<br>entre estudiantes, docentes y empleados.<br>En esta primera reuni\u00f3n en la que participa la UAT, se estableci\u00f3 la posibilidad de<br>organizar talleres en temas de prevenci\u00f3n y disuasi\u00f3n del delito, en coordinaci\u00f3n con la<br>Secretar\u00eda de la Defensa Nacional, la Secretar\u00eda General de Gobierno y la Fiscal\u00eda<br>General de la Rep\u00fablica, entre otras instancias que han ofrecido su colaboraci\u00f3n.<br>Adem\u00e1s, se plante\u00f3 como prop\u00f3sito organizar pl\u00e1ticas y capacitaci\u00f3n en<br>diferentes temas, en vinculaci\u00f3n con la Secretar\u00eda de Seguridad de Tamaulipas.<br>Durante la sesi\u00f3n se trataron temas importantes para garantizar la armon\u00eda y la<br>seguridad de los estudiantes, docentes y trabajadores que cotidianamente realizan sus<br>actividades en los diferentes campus de la UAT.<br>Para ello, se pedir\u00e1 la colaboraci\u00f3n de las autoridades universitarias a fin de<br>reportar cualquier incidencia que ponga en riesgo la integridad de la comunidad UAT, para  su atenci\u00f3n inmediata.<br>El rector D\u00e1maso Anaya puntualiz\u00f3 que es preocupaci\u00f3n de la instituci\u00f3n<br>garantizar un ambiente sano y arm\u00f3nico en todas las instalaciones universitarias, y<br>propiciar as\u00ed las condiciones \u00f3ptimas para la formaci\u00f3n de los estudiantes.<br>En la reuni\u00f3n, que corresponde a la edici\u00f3n n\u00famero 43 de la Mesa de<br>Coordinaci\u00f3n para la Construcci\u00f3n de la Paz, estuvieron autoridades y representantes de<br>las Fuerzas Armadas, de la Secretar\u00eda General de Gobierno, de la Fiscal\u00eda General de la<br>Rep\u00fablica, de la Fiscal\u00eda General de Justicia de Tamaulipas, de la Coordinaci\u00f3n Estatal<br>de Protecci\u00f3n Civil, de la Secretar\u00eda de Seguridad P\u00fablica, entre otras autoridades y<br>dependencias gubernamentales.<\/p>\n","protected":false},"excerpt":{"rendered":"<p>Ciudad Victoria, Tamaulipas; 12 de marzo de 2024. Participa UAT en la mesa de coordinaci\u00f3n&#8230;<\/p>\n","protected":false},"author":1,"featured_media":1374,"comment_status":"open","ping_status":"open","sticky":false,"template":"","format":"standard","meta":{"footnotes":""},"categories":[4],"tags":[],"class_list":["post-1373","post","type-post","status-publish","format-standard","has-post-thumbnail","hentry","category-educacion"],"_links":{"self":[{"href":"https:\/\/noticierotamaulipeco.info\/index.php?rest_route=\/wp\/v2\/posts\/1373","targetHints":{"allow":["GET"]}}],"collection":[{"href":"https:\/\/noticierotamaulipeco.info\/index.php?rest_route=\/wp\/v2\/posts"}],"about":[{"href":"https:\/\/noticierotamaulipeco.info\/index.php?rest_route=\/wp\/v2\/types\/post"}],"author":[{"embeddable":true,"href":"https:\/\/noticierotamaulipeco.info\/index.php?rest_route=\/wp\/v2\/users\/1"}],"replies":[{"embeddable":true,"href":"https:\/\/noticierotamaulipeco.info\/index.php?rest_route=%2Fwp%2Fv2%2Fcomments&post=1373"}],"version-history":[{"count":1,"href":"https:\/\/noticierotamaulipeco.info\/index.php?rest_route=\/wp\/v2\/posts\/1373\/revisions"}],"predecessor-version":[{"id":1375,"href":"https:\/\/noticierotamaulipeco.info\/index.php?rest_route=\/wp\/v2\/posts\/1373\/revisions\/1375"}],"wp:featuredmedia":[{"embeddable":true,"href":"https:\/\/noticierotamaulipeco.info\/index.php?rest_route=\/wp\/v2\/media\/1374"}],"wp:attachment":[{"href":"https:\/\/noticierotamaulipeco.info\/index.php?rest_route=%2Fwp%2Fv2%2Fmedia&parent=1373"}],"wp:term":[{"taxonomy":"category","embeddable":true,"href":"https:\/\/noticierotamaulipeco.info\/index.php?rest_route=%2Fwp%2Fv2%2Fcategories&post=1373"},{"taxonomy":"post_tag","embeddable":true,"href":"https:\/\/noticierotamaulipeco.info\/index.php?rest_route=%2Fwp%2Fv2%2Ftags&post=1373"}],"curies":[{"name":"wp","href":"https:\/\/api.w.org\/{rel}","templated":true}]}}