{"id":1376,"date":"2024-03-13T14:24:11","date_gmt":"2024-03-13T14:24:11","guid":{"rendered":"https:\/\/noticierotamaulipeco.info\/?p=1376"},"modified":"2024-03-14T14:26:08","modified_gmt":"2024-03-14T14:26:08","slug":"el-rector-damaso-anaya-presenta-a-la-comunidad-la-amplia-oferta-educativa-de-la-uat","status":"publish","type":"post","link":"https:\/\/noticierotamaulipeco.info\/?p=1376","title":{"rendered":"El rector D\u00e1maso Anaya presenta a la comunidad la amplia oferta educativa de la UAT"},"content":{"rendered":"\n<p>Ciudad Victoria, Tamaulipas; 13 de marzo de 2024.<br>El rector D\u00e1maso Anaya presenta a la comunidad la amplia oferta educativa de la UAT<\/p>\n\n\n\n<p>El rector D\u00e1maso Leonardo Anaya Alvarado invit\u00f3 a los j\u00f3venes pr\u00f3ximos a<br>egresar del nivel medio superior a conocer la extensa oferta de programas de<br>licenciatura con que cuenta la Universidad Aut\u00f3noma de Tamaulipas (UAT) para el<br>pr\u00f3ximo periodo escolar, que comprende de agosto a diciembre de 2024 (periodo<br>de oto\u00f1o).<br>Inform\u00f3 el rector que el proceso de admisi\u00f3n ya est\u00e1 abierto para todos los<br>aspirantes a ingresar a las carreras profesionales que ofrece la UAT en sus<br>facultades y unidades acad\u00e9micas distribuidas en las zonas norte, centro y sur del<br>estado.<br>Se\u00f1al\u00f3 que la UAT cuenta con una oferta de m\u00e1s de ochenta programas<br>educativos (ingenier\u00edas y licenciaturas) en las \u00e1reas de ciencias de la salud;<br>ciencias sociales y humanidades; ciencias exactas y tecnolog\u00eda; as\u00ed como<br>administraci\u00f3n y negocios.<br>Refiri\u00f3 que la mayor\u00eda de los programas est\u00e1n reconocidos por organismos<br>nacionales que son avalados por la Secretar\u00eda de Educaci\u00f3n P\u00fablica, lo cual les<br>da una ventaja a los egresados al competir en los mercados laborales.<br>Enfatiz\u00f3 que la academia ser\u00e1 un tema prioritario en su administraci\u00f3n, por<br>lo que se ha estado trabajando de manera ardua en temas como la capacitaci\u00f3n<br>docente, pertinencia de programas, tutor\u00edas, entre otros.<br>Explic\u00f3 que este esfuerzo es con la meta de contar con una universidad<br>humanista y cercana a su sociedad, que genere proyectos \u00fatiles en la resoluci\u00f3n<br>de problem\u00e1ticas comunitarias.<br>Aunado a la calidad acad\u00e9mica, coment\u00f3 que la UAT ofrece a sus<br>estudiantes un amplio programa de becas y est\u00edmulos educativos, instalaciones<br>acad\u00e9micas e infraestructura de primer nivel, centros de idiomas, programas<br>culturales y deportivos.<\/p>\n\n\n\n<p>\u201cQueremos que todas y todos nuestros j\u00f3venes sean parte de esta gran<br>instituci\u00f3n que les dar\u00e1 la oportunidad de forjar su futuro profesional, para servir<br>con orgullo a la sociedad y al desarrollo de Tamaulipas\u201d, indic\u00f3.<br>Inform\u00f3 que la oferta educativa y las distintas sedes universitarias donde se<br>imparten pueden consultarse en el portal web oficial de la Universidad<br>(www.uat.edu.mx) o en las redes sociales de esta casa de estudios.<\/p>\n","protected":false},"excerpt":{"rendered":"<p>Ciudad Victoria, Tamaulipas; 13 de marzo de 2024.El rector D\u00e1maso Anaya presenta a la comunidad&#8230;<\/p>\n","protected":false},"author":1,"featured_media":1377,"comment_status":"open","ping_status":"open","sticky":false,"template":"","format":"standard","meta":{"footnotes":""},"categories":[4],"tags":[],"class_list":["post-1376","post","type-post","status-publish","format-standard","has-post-thumbnail","hentry","category-educacion"],"_links":{"self":[{"href":"https:\/\/noticierotamaulipeco.info\/index.php?rest_route=\/wp\/v2\/posts\/1376","targetHints":{"allow":["GET"]}}],"collection":[{"href":"https:\/\/noticierotamaulipeco.info\/index.php?rest_route=\/wp\/v2\/posts"}],"about":[{"href":"https:\/\/noticierotamaulipeco.info\/index.php?rest_route=\/wp\/v2\/types\/post"}],"author":[{"embeddable":true,"href":"https:\/\/noticierotamaulipeco.info\/index.php?rest_route=\/wp\/v2\/users\/1"}],"replies":[{"embeddable":true,"href":"https:\/\/noticierotamaulipeco.info\/index.php?rest_route=%2Fwp%2Fv2%2Fcomments&post=1376"}],"version-history":[{"count":1,"href":"https:\/\/noticierotamaulipeco.info\/index.php?rest_route=\/wp\/v2\/posts\/1376\/revisions"}],"predecessor-version":[{"id":1378,"href":"https:\/\/noticierotamaulipeco.info\/index.php?rest_route=\/wp\/v2\/posts\/1376\/revisions\/1378"}],"wp:featuredmedia":[{"embeddable":true,"href":"https:\/\/noticierotamaulipeco.info\/index.php?rest_route=\/wp\/v2\/media\/1377"}],"wp:attachment":[{"href":"https:\/\/noticierotamaulipeco.info\/index.php?rest_route=%2Fwp%2Fv2%2Fmedia&parent=1376"}],"wp:term":[{"taxonomy":"category","embeddable":true,"href":"https:\/\/noticierotamaulipeco.info\/index.php?rest_route=%2Fwp%2Fv2%2Fcategories&post=1376"},{"taxonomy":"post_tag","embeddable":true,"href":"https:\/\/noticierotamaulipeco.info\/index.php?rest_route=%2Fwp%2Fv2%2Ftags&post=1376"}],"curies":[{"name":"wp","href":"https:\/\/api.w.org\/{rel}","templated":true}]}}