{"id":1383,"date":"2024-03-12T14:32:32","date_gmt":"2024-03-12T14:32:32","guid":{"rendered":"https:\/\/noticierotamaulipeco.info\/?p=1383"},"modified":"2024-03-14T14:33:41","modified_gmt":"2024-03-14T14:33:41","slug":"ceremonia-de-investidura-del-mvz-mc-damaso-anaya-alvarado-como-rector-de-nuestra-institucion","status":"publish","type":"post","link":"https:\/\/noticierotamaulipeco.info\/?p=1383","title":{"rendered":"Ceremonia de Investidura del MVZ MC D\u00e1maso Anaya Alvarado como Rector de nuestra instituci\u00f3n."},"content":{"rendered":"\n<p>\u00a1\u00danete a nosotros en un gran momento para toda nuestra comunidad universitaria! <img loading=\"lazy\" decoding=\"async\" height=\"16\" width=\"16\" alt=\"\ud83c\udf93\" src=\"https:\/\/static.xx.fbcdn.net\/images\/emoji.php\/v9\/t25\/1\/16\/1f393.png\"><\/p>\n\n\n\n<p>Te invitamos a presenciar de manera virtual, la Ceremonia de Investidura del MVZ MC <a href=\"https:\/\/www.facebook.com\/damasoanayaa?__cft__[0]=AZWVUFiNzM55uM8tt9WlFM6NTVXNxLRJRf0cR8RrIGxcTj8OJgxVaIFjh8xqSBqomJm0mH0ak_McnIN6tyk-Jv6wEaABS7TKu-iatZXN3Z2iYzTSiNlLc6LJIQ21fI4Iy0tWwuMvRoG2p0B2DDx1lmh0&amp;__tn__=-]K-R\">D\u00e1maso Anaya Alvarado<\/a> como Rector de nuestra instituci\u00f3n.<\/p>\n\n\n\n<p><img loading=\"lazy\" decoding=\"async\" height=\"16\" width=\"16\" alt=\"\ud83d\udcc5\" src=\"https:\/\/static.xx.fbcdn.net\/images\/emoji.php\/v9\/t7e\/1\/16\/1f4c5.png\"> Fecha: 14 de marzo, 2024<\/p>\n\n\n\n<p><img loading=\"lazy\" decoding=\"async\" height=\"16\" width=\"16\" alt=\"\ud83d\udd52\" src=\"https:\/\/static.xx.fbcdn.net\/images\/emoji.php\/v9\/taa\/1\/16\/1f552.png\"> Hora: 11:00 a.m.<\/p>\n\n\n\n<p><img loading=\"lazy\" decoding=\"async\" height=\"16\" width=\"16\" alt=\"\ud83d\udccd\" src=\"https:\/\/static.xx.fbcdn.net\/images\/emoji.php\/v9\/t2d\/1\/16\/1f4cd.png\"> Lugar: Gimnasio Multidisciplinario Victoria<\/p>\n\n\n\n<p>Este evento marcar\u00e1 el inicio de un nuevo cap\u00edtulo en la UAT, con el liderazgo del MVZ MC D\u00e1maso Leonardo Anaya Alvarado al frente.<\/p>\n\n\n\n<p>Acomp\u00e1\u00f1anos en esta ceremonia especial donde se formalizar\u00e1 su investidura como Rector, y juntos celebraremos el compromiso y la visi\u00f3n que guiar\u00e1n nuestros pasos hacia el futuro.<\/p>\n","protected":false},"excerpt":{"rendered":"<p>\u00a1\u00danete a nosotros en un gran momento para toda nuestra comunidad universitaria! Te invitamos a&#8230;<\/p>\n","protected":false},"author":1,"featured_media":1384,"comment_status":"open","ping_status":"open","sticky":false,"template":"","format":"standard","meta":{"footnotes":""},"categories":[4,2],"tags":[],"class_list":["post-1383","post","type-post","status-publish","format-standard","has-post-thumbnail","hentry","category-educacion","category-tamaulipas"],"_links":{"self":[{"href":"https:\/\/noticierotamaulipeco.info\/index.php?rest_route=\/wp\/v2\/posts\/1383","targetHints":{"allow":["GET"]}}],"collection":[{"href":"https:\/\/noticierotamaulipeco.info\/index.php?rest_route=\/wp\/v2\/posts"}],"about":[{"href":"https:\/\/noticierotamaulipeco.info\/index.php?rest_route=\/wp\/v2\/types\/post"}],"author":[{"embeddable":true,"href":"https:\/\/noticierotamaulipeco.info\/index.php?rest_route=\/wp\/v2\/users\/1"}],"replies":[{"embeddable":true,"href":"https:\/\/noticierotamaulipeco.info\/index.php?rest_route=%2Fwp%2Fv2%2Fcomments&post=1383"}],"version-history":[{"count":1,"href":"https:\/\/noticierotamaulipeco.info\/index.php?rest_route=\/wp\/v2\/posts\/1383\/revisions"}],"predecessor-version":[{"id":1385,"href":"https:\/\/noticierotamaulipeco.info\/index.php?rest_route=\/wp\/v2\/posts\/1383\/revisions\/1385"}],"wp:featuredmedia":[{"embeddable":true,"href":"https:\/\/noticierotamaulipeco.info\/index.php?rest_route=\/wp\/v2\/media\/1384"}],"wp:attachment":[{"href":"https:\/\/noticierotamaulipeco.info\/index.php?rest_route=%2Fwp%2Fv2%2Fmedia&parent=1383"}],"wp:term":[{"taxonomy":"category","embeddable":true,"href":"https:\/\/noticierotamaulipeco.info\/index.php?rest_route=%2Fwp%2Fv2%2Fcategories&post=1383"},{"taxonomy":"post_tag","embeddable":true,"href":"https:\/\/noticierotamaulipeco.info\/index.php?rest_route=%2Fwp%2Fv2%2Ftags&post=1383"}],"curies":[{"name":"wp","href":"https:\/\/api.w.org\/{rel}","templated":true}]}}