{"id":1386,"date":"2024-03-15T14:49:53","date_gmt":"2024-03-15T14:49:53","guid":{"rendered":"https:\/\/noticierotamaulipeco.info\/?p=1386"},"modified":"2024-03-19T14:51:33","modified_gmt":"2024-03-19T14:51:33","slug":"anuncia-rector-de-la-uat-acciones-para-fortalecer-infraestructura-de-los-campus-universitarios","status":"publish","type":"post","link":"https:\/\/noticierotamaulipeco.info\/?p=1386","title":{"rendered":"Anuncia rector de la UAT acciones para fortalecer infraestructura de los campus Universitarios."},"content":{"rendered":"\n<figure class=\"wp-block-image size-large\"><img loading=\"lazy\" decoding=\"async\" width=\"1024\" height=\"611\" src=\"https:\/\/noticierotamaulipeco.info\/wp-content\/uploads\/2024\/03\/2-1024x611.jpg\" alt=\"\" class=\"wp-image-1387\" srcset=\"https:\/\/noticierotamaulipeco.info\/wp-content\/uploads\/2024\/03\/2-1024x611.jpg 1024w, https:\/\/noticierotamaulipeco.info\/wp-content\/uploads\/2024\/03\/2-300x179.jpg 300w, https:\/\/noticierotamaulipeco.info\/wp-content\/uploads\/2024\/03\/2-768x458.jpg 768w, https:\/\/noticierotamaulipeco.info\/wp-content\/uploads\/2024\/03\/2-1536x916.jpg 1536w, https:\/\/noticierotamaulipeco.info\/wp-content\/uploads\/2024\/03\/2.jpg 1600w\" sizes=\"auto, (max-width: 1024px) 100vw, 1024px\" \/><\/figure>\n\n\n\n<p>El rector de la Universidad Aut\u00f3noma de Tamaulipas (UAT), MVZ D\u00e1maso Anaya<br>Alvarado, anunci\u00f3 que est\u00e1n en marcha acciones para fortalecer la infraestructura<br>de los campus universitarios en distintas localidades del estado.<br>Durante su mensaje en la ceremonia de investidura como rector de la UAT,<br>D\u00e1maso Anaya enfatiz\u00f3 que estas acciones se derivan de las visitas de<br>diagn\u00f3stico que inici\u00f3 por las diferentes dependencias universitarias, y que tienen<br>como prop\u00f3sito mejorar de manera significativa la infraestructura acad\u00e9mica de la<br>instituci\u00f3n.<br>\u201cCon mucho orgullo y convicci\u00f3n les comparto que est\u00e1n en proceso<br>catorce acciones que favorecer\u00e1n la infraestructura y el equipamiento de nuestras<br>dependencias acad\u00e9micas. Desde ahora, debo manifestarles que las instalaciones<br>acad\u00e9micas de nuestra Universidad ser\u00e1n una prioridad en esta administraci\u00f3n\u201d,<br>expres\u00f3.<br>\u201cLes comunico que ya retomamos la actividad para concluir los trabajos de<br>infraestructura que se hab\u00edan detenido, como los edificios cuya obra estaba<br>inconclusa, y el suministro de equipamiento y software en aulas y laboratorios que<br>eran necesarios desde hace tiempo\u201d.<br>Apunt\u00f3 que no habr\u00e1 m\u00e1s demoras para avanzar en estas acciones que, en<br>primera instancia, beneficiar\u00e1n directamente a los campus y comunidades<br>universitarias de Tampico, Victoria, Reynosa, R\u00edo Bravo y Nuevo Laredo.<br>\u201cEstas acciones representan un compromiso s\u00f3lido con la calidad educativa<br>y el desarrollo de nuestra instituci\u00f3n. Estamos comprometidos en garantizar que<br>nuestras instalaciones est\u00e9n a la altura de las necesidades de nuestros<br>estudiantes y docentes, promoviendo as\u00ed la excelencia acad\u00e9mica en todos los<br>niveles\u201d, afirm\u00f3.<br>El rector MVZ D\u00e1maso Anaya Alvarado enfatiz\u00f3 que la prioridad de su<\/p>\n\n\n\n<p>gesti\u00f3n ser\u00e1 asegurar que las instalaciones acad\u00e9micas est\u00e9n adecuadas a las<br>necesidades tanto de los estudiantes como de los docentes, adem\u00e1s de promover<br>la excelencia acad\u00e9mica en todos los niveles.<\/p>\n","protected":false},"excerpt":{"rendered":"<p>El rector de la Universidad Aut\u00f3noma de Tamaulipas (UAT), MVZ D\u00e1maso AnayaAlvarado, anunci\u00f3 que est\u00e1n&#8230;<\/p>\n","protected":false},"author":1,"featured_media":1388,"comment_status":"open","ping_status":"open","sticky":true,"template":"","format":"standard","meta":{"footnotes":""},"categories":[4],"tags":[],"class_list":["post-1386","post","type-post","status-publish","format-standard","has-post-thumbnail","hentry","category-educacion"],"_links":{"self":[{"href":"https:\/\/noticierotamaulipeco.info\/index.php?rest_route=\/wp\/v2\/posts\/1386","targetHints":{"allow":["GET"]}}],"collection":[{"href":"https:\/\/noticierotamaulipeco.info\/index.php?rest_route=\/wp\/v2\/posts"}],"about":[{"href":"https:\/\/noticierotamaulipeco.info\/index.php?rest_route=\/wp\/v2\/types\/post"}],"author":[{"embeddable":true,"href":"https:\/\/noticierotamaulipeco.info\/index.php?rest_route=\/wp\/v2\/users\/1"}],"replies":[{"embeddable":true,"href":"https:\/\/noticierotamaulipeco.info\/index.php?rest_route=%2Fwp%2Fv2%2Fcomments&post=1386"}],"version-history":[{"count":1,"href":"https:\/\/noticierotamaulipeco.info\/index.php?rest_route=\/wp\/v2\/posts\/1386\/revisions"}],"predecessor-version":[{"id":1389,"href":"https:\/\/noticierotamaulipeco.info\/index.php?rest_route=\/wp\/v2\/posts\/1386\/revisions\/1389"}],"wp:featuredmedia":[{"embeddable":true,"href":"https:\/\/noticierotamaulipeco.info\/index.php?rest_route=\/wp\/v2\/media\/1388"}],"wp:attachment":[{"href":"https:\/\/noticierotamaulipeco.info\/index.php?rest_route=%2Fwp%2Fv2%2Fmedia&parent=1386"}],"wp:term":[{"taxonomy":"category","embeddable":true,"href":"https:\/\/noticierotamaulipeco.info\/index.php?rest_route=%2Fwp%2Fv2%2Fcategories&post=1386"},{"taxonomy":"post_tag","embeddable":true,"href":"https:\/\/noticierotamaulipeco.info\/index.php?rest_route=%2Fwp%2Fv2%2Ftags&post=1386"}],"curies":[{"name":"wp","href":"https:\/\/api.w.org\/{rel}","templated":true}]}}