{"id":1390,"date":"2024-03-18T15:30:54","date_gmt":"2024-03-18T15:30:54","guid":{"rendered":"https:\/\/noticierotamaulipeco.info\/?p=1390"},"modified":"2024-03-19T15:31:45","modified_gmt":"2024-03-19T15:31:45","slug":"fortalecera-uat-su-participacion-en-la-agenda-para-el-desarrollo-y-el-progreso-sostenible-de-tamaulipas","status":"publish","type":"post","link":"https:\/\/noticierotamaulipeco.info\/?p=1390","title":{"rendered":"Fortalecer\u00e1 UAT su participaci\u00f3n en la agenda para el desarrollo y el progreso sostenible de Tamaulipas"},"content":{"rendered":"\n<figure class=\"wp-block-image\"><img decoding=\"async\" src=\"https:\/\/noticierodelnorte.info\/wp-content\/uploads\/2024\/03\/b3.jpg\" alt=\"\"\/><\/figure>\n\n\n\n<p>El rector de la Universidad Aut\u00f3noma de Tamaulipas (UAT), MVZ D\u00e1maso Anaya<br>Alvarado, anunci\u00f3 la creaci\u00f3n de un comit\u00e9 t\u00e9cnico destinado a abordar de manera<br>coordinada los desaf\u00edos de desarrollo del estado.<br>En su mensaje durante la ceremonia de investidura como rector de la UAT,<br>D\u00e1maso Anaya dio a conocer que este organismo, en proceso de formaci\u00f3n,<br>reunir\u00e1 a expertos de diversos campos del conocimiento con el objetivo de ofrecer<br>soluciones innovadoras y eficaces para el progreso de la regi\u00f3n.<br>Mencion\u00f3 que el comit\u00e9 t\u00e9cnico ser\u00e1 fundamental para canalizar las<br>capacidades acad\u00e9micas de la Universidad hacia la resoluci\u00f3n de problem\u00e1ticas<br>concretas que enfrenta Tamaulipas.<br>\u201cEste comit\u00e9 permitir\u00e1 la colaboraci\u00f3n entre la academia, el gobierno estatal<br>y sectores empresariales e industriales, con el fin de identificar y priorizar acciones<br>que impulsen el desarrollo sostenible y equitativo de nuestro estado\u201d, afirm\u00f3.<br>La iniciativa surge en un contexto de transformaci\u00f3n y crecimiento de la<br>UAT, que busca posicionarse como un actor clave en la promoci\u00f3n del progreso<br>regional.<br>Adem\u00e1s de trabajar en estrecha colaboraci\u00f3n con el gobierno estatal, el<br>comit\u00e9 tambi\u00e9n se vincular\u00e1 con diferentes sectores de la sociedad civil, con el<br>objetivo de garantizar una participaci\u00f3n inclusiva y diversa en la definici\u00f3n de<br>pol\u00edticas y proyectos de desarrollo.<br>Inform\u00f3 que se enfocar\u00e1 en temas clave como la educaci\u00f3n, la investigaci\u00f3n<br>cient\u00edfica, la innovaci\u00f3n tecnol\u00f3gica, la sustentabilidad ambiental y el desarrollo<br>econ\u00f3mico, y se espera que su labor contribuya significativamente a la mejora de<br>la calidad de vida de los habitantes de Tamaulipas y al fortalecimiento de su tejido<br>social y econ\u00f3mico.<br>El rector D\u00e1maso Anaya puntualiz\u00f3 que esta iniciativa refleja el compromiso<\/p>\n\n\n\n<p>de la UAT con su responsabilidad social y su visi\u00f3n de ser un motor de cambio<br>positivo en la regi\u00f3n, reafirmando as\u00ed su papel como agente de transformaci\u00f3n y<br>progreso, trabajando con diferentes actores para construir un futuro m\u00e1s pr\u00f3spero<\/p>\n","protected":false},"excerpt":{"rendered":"<p>El rector de la Universidad Aut\u00f3noma de Tamaulipas (UAT), MVZ D\u00e1maso AnayaAlvarado, anunci\u00f3 la creaci\u00f3n&#8230;<\/p>\n","protected":false},"author":1,"featured_media":1391,"comment_status":"open","ping_status":"open","sticky":true,"template":"","format":"gallery","meta":{"footnotes":""},"categories":[4],"tags":[],"class_list":["post-1390","post","type-post","status-publish","format-gallery","has-post-thumbnail","hentry","category-educacion","post_format-post-format-gallery"],"_links":{"self":[{"href":"https:\/\/noticierotamaulipeco.info\/index.php?rest_route=\/wp\/v2\/posts\/1390","targetHints":{"allow":["GET"]}}],"collection":[{"href":"https:\/\/noticierotamaulipeco.info\/index.php?rest_route=\/wp\/v2\/posts"}],"about":[{"href":"https:\/\/noticierotamaulipeco.info\/index.php?rest_route=\/wp\/v2\/types\/post"}],"author":[{"embeddable":true,"href":"https:\/\/noticierotamaulipeco.info\/index.php?rest_route=\/wp\/v2\/users\/1"}],"replies":[{"embeddable":true,"href":"https:\/\/noticierotamaulipeco.info\/index.php?rest_route=%2Fwp%2Fv2%2Fcomments&post=1390"}],"version-history":[{"count":1,"href":"https:\/\/noticierotamaulipeco.info\/index.php?rest_route=\/wp\/v2\/posts\/1390\/revisions"}],"predecessor-version":[{"id":1392,"href":"https:\/\/noticierotamaulipeco.info\/index.php?rest_route=\/wp\/v2\/posts\/1390\/revisions\/1392"}],"wp:featuredmedia":[{"embeddable":true,"href":"https:\/\/noticierotamaulipeco.info\/index.php?rest_route=\/wp\/v2\/media\/1391"}],"wp:attachment":[{"href":"https:\/\/noticierotamaulipeco.info\/index.php?rest_route=%2Fwp%2Fv2%2Fmedia&parent=1390"}],"wp:term":[{"taxonomy":"category","embeddable":true,"href":"https:\/\/noticierotamaulipeco.info\/index.php?rest_route=%2Fwp%2Fv2%2Fcategories&post=1390"},{"taxonomy":"post_tag","embeddable":true,"href":"https:\/\/noticierotamaulipeco.info\/index.php?rest_route=%2Fwp%2Fv2%2Ftags&post=1390"}],"curies":[{"name":"wp","href":"https:\/\/api.w.org\/{rel}","templated":true}]}}