{"id":1409,"date":"2024-03-21T17:02:20","date_gmt":"2024-03-21T17:02:20","guid":{"rendered":"https:\/\/noticierotamaulipeco.info\/?p=1409"},"modified":"2024-03-22T17:03:10","modified_gmt":"2024-03-22T17:03:10","slug":"impulsa-damaso-anaya-la-transformacion-del-bachillerato-de-la-uat","status":"publish","type":"post","link":"https:\/\/noticierotamaulipeco.info\/?p=1409","title":{"rendered":"Impulsa D\u00e1maso Anaya la transformaci\u00f3n del bachillerato de la UAT"},"content":{"rendered":"\n<figure class=\"wp-block-image size-large\"><img loading=\"lazy\" decoding=\"async\" width=\"1024\" height=\"576\" src=\"https:\/\/noticierotamaulipeco.info\/wp-content\/uploads\/2024\/03\/3-1-1024x576.jpg\" alt=\"\" class=\"wp-image-1410\" srcset=\"https:\/\/noticierotamaulipeco.info\/wp-content\/uploads\/2024\/03\/3-1-1024x576.jpg 1024w, https:\/\/noticierotamaulipeco.info\/wp-content\/uploads\/2024\/03\/3-1-300x169.jpg 300w, https:\/\/noticierotamaulipeco.info\/wp-content\/uploads\/2024\/03\/3-1-768x432.jpg 768w, https:\/\/noticierotamaulipeco.info\/wp-content\/uploads\/2024\/03\/3-1-1536x864.jpg 1536w, https:\/\/noticierotamaulipeco.info\/wp-content\/uploads\/2024\/03\/3-1.jpg 2048w\" sizes=\"auto, (max-width: 1024px) 100vw, 1024px\" \/><\/figure>\n\n\n\n<p>\uf0b7 Rector inaugura el taller de homologaci\u00f3n del modelo de bachillerato para las<br>preparatorias incorporadas a la UAT, que busca a\u00f1adir tem\u00e1ticas humanistas<br>de equidad, inclusi\u00f3n y responsabilidad social.<\/p>\n\n\n\n<p>El rector D\u00e1maso Leonardo Anaya Alvarado inaugur\u00f3 el Taller de Homologaci\u00f3n<br>del Modelo de Bachillerato General de la Universidad Aut\u00f3noma de Tamaulipas<br>(UAT), que se imparti\u00f3 a directivos y docentes de las escuelas preparatorias<br>incorporadas a la m\u00e1xima casa de estudios del estado.<br>En su mensaje de apertura a las actividades que se desarrollaron en la<br>Biblioteca Central del Campus Tampico, el MVZ D\u00e1maso Anaya Alvarado dijo que<br>mediante estos esfuerzos se busca alinear el Modelo de Bachillerato General de la<br>UAT a las exigencias de las pol\u00edticas nacionales.<br>\u201cLa pol\u00edtica educativa nacional marca que el modelo educativo de<br>bachillerato se encuentre alineado a la Nueva Escuela Mexicana para la<br>Educaci\u00f3n Media Superior, fomentando la oferta de educaci\u00f3n de excelencia,<br>inclusiva y colaborativa\u201d, indic\u00f3.<br>Se\u00f1al\u00f3 que, a trav\u00e9s de este proyecto, la UAT se suma al esfuerzo para la<br>transformaci\u00f3n de la educaci\u00f3n en Tamaulipas, luego de subrayar la importancia<br>de celebrar este encuentro de di\u00e1logo y trabajo colaborativo con las escuelas<br>incorporadas mediante la implementaci\u00f3n del modelo de bachillerato alineado al<br>Modelo Educativo de la UAT.<br>\u201cLa UAT tiene el compromiso de impulsar la formaci\u00f3n integral y humanista<br>propiciando una estrecha relaci\u00f3n con la sociedad a la que pertenece. Y al<br>sumarse a este modelo de bachillerato les proporcionaremos los lineamientos, los<br>mecanismos y estrategias educativas para que sean implementadas en sus<br>preparatorias\u201d, asent\u00f3 el rector.<\/p>\n\n\n\n<p>A\u00f1adi\u00f3 que el prop\u00f3sito es formar estudiantes con pensamiento creativo e<br>innovador y un alto sentido de responsabilidad social, as\u00ed como con las<br>habilidades cognitivas y socioemocionales necesarias para transitar a la educaci\u00f3n<br>superior a trav\u00e9s de una preparaci\u00f3n acad\u00e9mica pertinente.<br>Correspondi\u00f3 a la secretaria acad\u00e9mica de la UAT, Dra. Rosa Issel Acosta<br>Gonz\u00e1lez, exponer los objetivos del taller de capacitaci\u00f3n que cont\u00f3 con la<br>participaci\u00f3n de cuerpos directivos y docentes de m\u00e1s de cincuenta escuelas<br>preparatorias incorporadas a la UAT de todo el estado.<br>En ese sentido, se destac\u00f3 el prop\u00f3sito de capacitarlos sobre el Modelo<br>Educativo UAT, los lineamientos curriculares, el desarrollo de las unidades de<br>ense\u00f1anza-aprendizaje y la impartici\u00f3n de c\u00e1tedra, con la finalidad de que los<br>titulares y docentes de las preparatorias los implementen en sus respectivas<br>instituciones, incorporando tem\u00e1ticas humanistas de equidad, inclusi\u00f3n y<br>responsabilidad social.<br>De igual manera, se puntualiz\u00f3 que la UAT brindar\u00e1 el seguimiento,<br>acompa\u00f1amiento y capacitaci\u00f3n pertinente para que realicen el proceso de<br>homologaci\u00f3n al Modelo de Bachillerato General UAT, que consolida la filosof\u00eda,<br>los saberes, habilidades y destrezas que garanticen la formaci\u00f3n integral de los<br>estudiantes de educaci\u00f3n media superior.<\/p>\n","protected":false},"excerpt":{"rendered":"<p>\uf0b7 Rector inaugura el taller de homologaci\u00f3n del modelo de bachillerato para laspreparatorias incorporadas a&#8230;<\/p>\n","protected":false},"author":1,"featured_media":1411,"comment_status":"open","ping_status":"open","sticky":true,"template":"","format":"standard","meta":{"footnotes":""},"categories":[4],"tags":[],"class_list":["post-1409","post","type-post","status-publish","format-standard","has-post-thumbnail","hentry","category-educacion"],"_links":{"self":[{"href":"https:\/\/noticierotamaulipeco.info\/index.php?rest_route=\/wp\/v2\/posts\/1409","targetHints":{"allow":["GET"]}}],"collection":[{"href":"https:\/\/noticierotamaulipeco.info\/index.php?rest_route=\/wp\/v2\/posts"}],"about":[{"href":"https:\/\/noticierotamaulipeco.info\/index.php?rest_route=\/wp\/v2\/types\/post"}],"author":[{"embeddable":true,"href":"https:\/\/noticierotamaulipeco.info\/index.php?rest_route=\/wp\/v2\/users\/1"}],"replies":[{"embeddable":true,"href":"https:\/\/noticierotamaulipeco.info\/index.php?rest_route=%2Fwp%2Fv2%2Fcomments&post=1409"}],"version-history":[{"count":1,"href":"https:\/\/noticierotamaulipeco.info\/index.php?rest_route=\/wp\/v2\/posts\/1409\/revisions"}],"predecessor-version":[{"id":1412,"href":"https:\/\/noticierotamaulipeco.info\/index.php?rest_route=\/wp\/v2\/posts\/1409\/revisions\/1412"}],"wp:featuredmedia":[{"embeddable":true,"href":"https:\/\/noticierotamaulipeco.info\/index.php?rest_route=\/wp\/v2\/media\/1411"}],"wp:attachment":[{"href":"https:\/\/noticierotamaulipeco.info\/index.php?rest_route=%2Fwp%2Fv2%2Fmedia&parent=1409"}],"wp:term":[{"taxonomy":"category","embeddable":true,"href":"https:\/\/noticierotamaulipeco.info\/index.php?rest_route=%2Fwp%2Fv2%2Fcategories&post=1409"},{"taxonomy":"post_tag","embeddable":true,"href":"https:\/\/noticierotamaulipeco.info\/index.php?rest_route=%2Fwp%2Fv2%2Ftags&post=1409"}],"curies":[{"name":"wp","href":"https:\/\/api.w.org\/{rel}","templated":true}]}}