{"id":1417,"date":"2024-03-23T14:10:19","date_gmt":"2024-03-23T14:10:19","guid":{"rendered":"https:\/\/noticierotamaulipeco.info\/?p=1417"},"modified":"2024-03-25T14:10:51","modified_gmt":"2024-03-25T14:10:51","slug":"inicia-la-uat-este-lunes-periodo-vacacional-de-primavera-2024","status":"publish","type":"post","link":"https:\/\/noticierotamaulipeco.info\/?p=1417","title":{"rendered":"Inicia la UAT este lunes periodo vacacional de primavera 2024"},"content":{"rendered":"\n<p>La Universidad Aut\u00f3noma de Tamaulipas (UAT) comienza este lunes el periodo<br>vacacional de primavera, conforme al calendario escolar-administrativo 2024.<br>Este periodo, que se extiende desde el 25 de marzo hasta el 5 de abril de<br>este a\u00f1o, marca un receso en la actividad de las dependencias de la UAT para<br>todo el personal sindicalizado y de confianza, personal directivo, docentes y<br>estudiantes de la m\u00e1xima casa de estudios.<br>Por acuerdo del MVZ D\u00e1maso Leonardo Anaya Alvarado, rector de la UAT,<br>y en cumplimiento del Contrato Colectivo de Trabajo y el calendario oficial de la<br>Universidad, se establece que todas las dependencias universitarias, ubicadas en<br>las zonas centro, norte y sur del estado, reanudar\u00e1n sus actividades el lunes 8 de<br>abril de 2024.<br>La difusi\u00f3n de esta circular relacionada con el periodo vacacional de<br>primavera se ha realizado a trav\u00e9s de un comunicado oficial emitido por la<br>Direcci\u00f3n de Recursos Humanos, dependiente de la Secretar\u00eda de Administraci\u00f3n<br>de la UAT, con el objetivo primordial de mantener informada a toda la comunidad<br>universitaria.<br>Por otro lado, el calendario acad\u00e9mico establece el pr\u00f3ximo 17 de mayo<br>como la fecha de conclusi\u00f3n del periodo de clases de primavera, con evaluaciones<br>finales ordinarias y extraordinarias programadas del 13 al 24 de mayo, y la entrega<br>de actas de evaluaci\u00f3n el d\u00eda 27 de mayo.<br>Sigue abierto el proceso de admisi\u00f3n para el periodo de oto\u00f1o<\/p>\n\n\n\n<p>2024<\/p>\n\n\n\n<p>En la Universidad Aut\u00f3noma de Tamaulipas se encuentra en curso, desde<br>el 26 de febrero, el proceso de admisi\u00f3n para el ciclo Oto\u00f1o 2024.<br>La oferta educativa comprende una amplia gama compuesta por m\u00e1s de<\/p>\n\n\n\n<p>ochenta programas en diferentes sedes universitarias, los cuales pueden ser<br>consultados en la secci\u00f3n &#8220;Oferta Acad\u00e9mica&#8221; del portal oficial de la universidad<br>(www.uat.edu.mx).<br>La UAT invita a los aspirantes interesados a comunicarse con la facultad o<br>unidad acad\u00e9mica de su preferencia para conocer m\u00e1s detalles y procedimientos<br>de nuevo ingreso, o bien consultar informes a trav\u00e9s de las redes sociales y sitios<br>web oficiales.<\/p>\n","protected":false},"excerpt":{"rendered":"<p>La Universidad Aut\u00f3noma de Tamaulipas (UAT) comienza este lunes el periodovacacional de primavera, conforme al&#8230;<\/p>\n","protected":false},"author":1,"featured_media":1418,"comment_status":"open","ping_status":"open","sticky":true,"template":"","format":"standard","meta":{"footnotes":""},"categories":[4],"tags":[],"class_list":["post-1417","post","type-post","status-publish","format-standard","has-post-thumbnail","hentry","category-educacion"],"_links":{"self":[{"href":"https:\/\/noticierotamaulipeco.info\/index.php?rest_route=\/wp\/v2\/posts\/1417","targetHints":{"allow":["GET"]}}],"collection":[{"href":"https:\/\/noticierotamaulipeco.info\/index.php?rest_route=\/wp\/v2\/posts"}],"about":[{"href":"https:\/\/noticierotamaulipeco.info\/index.php?rest_route=\/wp\/v2\/types\/post"}],"author":[{"embeddable":true,"href":"https:\/\/noticierotamaulipeco.info\/index.php?rest_route=\/wp\/v2\/users\/1"}],"replies":[{"embeddable":true,"href":"https:\/\/noticierotamaulipeco.info\/index.php?rest_route=%2Fwp%2Fv2%2Fcomments&post=1417"}],"version-history":[{"count":1,"href":"https:\/\/noticierotamaulipeco.info\/index.php?rest_route=\/wp\/v2\/posts\/1417\/revisions"}],"predecessor-version":[{"id":1419,"href":"https:\/\/noticierotamaulipeco.info\/index.php?rest_route=\/wp\/v2\/posts\/1417\/revisions\/1419"}],"wp:featuredmedia":[{"embeddable":true,"href":"https:\/\/noticierotamaulipeco.info\/index.php?rest_route=\/wp\/v2\/media\/1418"}],"wp:attachment":[{"href":"https:\/\/noticierotamaulipeco.info\/index.php?rest_route=%2Fwp%2Fv2%2Fmedia&parent=1417"}],"wp:term":[{"taxonomy":"category","embeddable":true,"href":"https:\/\/noticierotamaulipeco.info\/index.php?rest_route=%2Fwp%2Fv2%2Fcategories&post=1417"},{"taxonomy":"post_tag","embeddable":true,"href":"https:\/\/noticierotamaulipeco.info\/index.php?rest_route=%2Fwp%2Fv2%2Ftags&post=1417"}],"curies":[{"name":"wp","href":"https:\/\/api.w.org\/{rel}","templated":true}]}}