{"id":1420,"date":"2024-03-24T14:51:45","date_gmt":"2024-03-24T14:51:45","guid":{"rendered":"https:\/\/noticierotamaulipeco.info\/?p=1420"},"modified":"2024-04-01T14:54:45","modified_gmt":"2024-04-01T14:54:45","slug":"queremos-que-la-uat-participe-fuertemente-en-el-desarrollo-del-estado-m-v-z-damaso-anaya","status":"publish","type":"post","link":"https:\/\/noticierotamaulipeco.info\/?p=1420","title":{"rendered":"\u201cQueremos que la UAT participe fuertemente en el desarrollo del Estado\u201d M.V.Z. Damaso Anaya."},"content":{"rendered":"\n<figure class=\"wp-block-image size-large\"><img loading=\"lazy\" decoding=\"async\" width=\"1024\" height=\"682\" src=\"https:\/\/noticierotamaulipeco.info\/wp-content\/uploads\/2024\/04\/5-1024x682.jpeg\" alt=\"\" class=\"wp-image-1421\" srcset=\"https:\/\/noticierotamaulipeco.info\/wp-content\/uploads\/2024\/04\/5-1024x682.jpeg 1024w, https:\/\/noticierotamaulipeco.info\/wp-content\/uploads\/2024\/04\/5-300x200.jpeg 300w, https:\/\/noticierotamaulipeco.info\/wp-content\/uploads\/2024\/04\/5-768x512.jpeg 768w, https:\/\/noticierotamaulipeco.info\/wp-content\/uploads\/2024\/04\/5-1536x1023.jpeg 1536w, https:\/\/noticierotamaulipeco.info\/wp-content\/uploads\/2024\/04\/5.jpeg 1600w\" sizes=\"auto, (max-width: 1024px) 100vw, 1024px\" \/><\/figure>\n\n\n\n<p>En el marco de su visita al Campus Sur de la Universidad Aut\u00f3noma de<br>Tamaulipas (UAT), el rector Damaso Leonardo Anaya Alvarado tom\u00f3 protesta al<br>Consejo Consultivo de Vinculaci\u00f3n de la Facultad de Ingenier\u00eda Tampico (FIT),<br>donde reafirm\u00f3 su prop\u00f3sito de impulsar alianzas con los diferentes sectores para<br>que la casa de estudios sea punta de lanza<br>en el desarrollo de la entidad.<br>\u201cQueremos que la UAT participe fuertemente en el desarrollo del estado, no<br>solo en lo acad\u00e9mico, sino tambi\u00e9n en la vinculaci\u00f3n; que seamos punta de lanza<br>para poder generar nuevos tipos de empleos\u201d, indic\u00f3 el rector.<br>Sostuvo que el nuevo proyecto de la UAT busca que los estudiantes tengan<br>mejores perspectivas de desarrollo cuando egresen de esta instituci\u00f3n, y que, para<br>ello, su administraci\u00f3n est\u00e1 trabajando en ampliar los lazos de colaboraci\u00f3n con<br>empresarios y organismos de la entidad, as\u00ed como con instituciones de educaci\u00f3n<br>superior del pa\u00eds y del extranjero.<br>Acompa\u00f1ado del Dr. Roberto Pichardo Ram\u00edrez, director de la Facultad de<br>Ingenier\u00eda Tampico, el MVZ D\u00e1maso Anaya Alvarado presidi\u00f3 tambi\u00e9n una reuni\u00f3n<br>con los miembros del Consejo Consultivo de Vinculaci\u00f3n integrado por<br>representantes de industrias, c\u00e1maras empresariales, colegios de profesionistas y<br>otros sectores del sur de Tamaulipas.<br>Refiri\u00f3 que la UAT trabaja en su trasformaci\u00f3n y apunta hacia una<br>educaci\u00f3n de excelencia, luego de subrayar que para seguir fortaleciendo la<br>actividad acad\u00e9mica es importante la vinculaci\u00f3n con el sector empresarial.<br>En su mensaje agradeci\u00f3 al Ing. Jos\u00e9 Chong Hern\u00e1ndez, presidente del<br>Consejo, por asumir el reto de colaborar con la Universidad, y adelant\u00f3 que, entre<br>otros proyectos, se pretende realizar esfuerzos para proporcionar a los alumnos<br>de escasos recursos los medios necesarios para que no abandonen sus estudios.<\/p>\n\n\n\n<p>Durante su visita, D\u00e1maso Anaya Alvarado hizo un recorrido por las<br>instalaciones de la FIT, donde sostuvo reuniones con docentes y estudiantes, y<br>constat\u00f3 el trabajo que desarrollan en los laboratorios de las carreras de ingenier\u00eda<br>y de los posgrados.<br>Se reuni\u00f3 tambi\u00e9n con expertos de los centros de investigaci\u00f3n que<br>explicaron los distintos proyectos en desarrollo, entre los cuales destaca la<br>presentaci\u00f3n de los diferentes simuladores que forman parte del laboratorio virtual<br>de la carrera de Ingenier\u00eda en Sistemas Computacionales, as\u00ed como el proyecto de<br>una incubadora de empresas.<br>En el encuentro con la comunidad estudiantil, el rector D\u00e1maso Anaya<br>particip\u00f3 en la primera edici\u00f3n de un p\u00f3dcast que desarrollan los j\u00f3venes para<br>reafirmar la identidad universitaria, adem\u00e1s de presidir un animado convivio con el<br>alumnado y docentes en la cancha deportiva de esta instituci\u00f3n.<\/p>\n","protected":false},"excerpt":{"rendered":"<p>En el marco de su visita al Campus Sur de la Universidad Aut\u00f3noma deTamaulipas (UAT),&#8230;<\/p>\n","protected":false},"author":1,"featured_media":1422,"comment_status":"open","ping_status":"open","sticky":true,"template":"","format":"standard","meta":{"footnotes":""},"categories":[4],"tags":[],"class_list":["post-1420","post","type-post","status-publish","format-standard","has-post-thumbnail","hentry","category-educacion"],"_links":{"self":[{"href":"https:\/\/noticierotamaulipeco.info\/index.php?rest_route=\/wp\/v2\/posts\/1420","targetHints":{"allow":["GET"]}}],"collection":[{"href":"https:\/\/noticierotamaulipeco.info\/index.php?rest_route=\/wp\/v2\/posts"}],"about":[{"href":"https:\/\/noticierotamaulipeco.info\/index.php?rest_route=\/wp\/v2\/types\/post"}],"author":[{"embeddable":true,"href":"https:\/\/noticierotamaulipeco.info\/index.php?rest_route=\/wp\/v2\/users\/1"}],"replies":[{"embeddable":true,"href":"https:\/\/noticierotamaulipeco.info\/index.php?rest_route=%2Fwp%2Fv2%2Fcomments&post=1420"}],"version-history":[{"count":1,"href":"https:\/\/noticierotamaulipeco.info\/index.php?rest_route=\/wp\/v2\/posts\/1420\/revisions"}],"predecessor-version":[{"id":1423,"href":"https:\/\/noticierotamaulipeco.info\/index.php?rest_route=\/wp\/v2\/posts\/1420\/revisions\/1423"}],"wp:featuredmedia":[{"embeddable":true,"href":"https:\/\/noticierotamaulipeco.info\/index.php?rest_route=\/wp\/v2\/media\/1422"}],"wp:attachment":[{"href":"https:\/\/noticierotamaulipeco.info\/index.php?rest_route=%2Fwp%2Fv2%2Fmedia&parent=1420"}],"wp:term":[{"taxonomy":"category","embeddable":true,"href":"https:\/\/noticierotamaulipeco.info\/index.php?rest_route=%2Fwp%2Fv2%2Fcategories&post=1420"},{"taxonomy":"post_tag","embeddable":true,"href":"https:\/\/noticierotamaulipeco.info\/index.php?rest_route=%2Fwp%2Fv2%2Ftags&post=1420"}],"curies":[{"name":"wp","href":"https:\/\/api.w.org\/{rel}","templated":true}]}}