{"id":1632,"date":"2024-05-15T13:59:13","date_gmt":"2024-05-15T13:59:13","guid":{"rendered":"https:\/\/noticierotamaulipeco.info\/?p=1632"},"modified":"2024-05-17T14:00:11","modified_gmt":"2024-05-17T14:00:11","slug":"invita-la-uat-a-la-carrera-5k-y-caminata-2k-en-cd-victoria","status":"publish","type":"post","link":"https:\/\/noticierotamaulipeco.info\/?p=1632","title":{"rendered":"INVITA LA UAT A LA CARRERA 5K Y CAMINATA 2K EN CD.VICTORIA"},"content":{"rendered":"\n<p>15 de mayo 2024<\/p>\n\n\n\n<p>Acomp\u00e1\u00f1anos el pr\u00f3ximo s\u00e1bado 25 de mayo a festejar a los Maestros y<br>Estudiantes, en nuestra Carrera 5K y Caminata 2K, que tendr\u00e1 recorrido por las<br>principales calles de Cd. Victoria. La Universidad Aut\u00f3noma de Tamaulipas te<br>invita a participar en este evento que contempla premios en efectivo, rifa de<br>regalos, m\u00fasica en vivo, hidrataci\u00f3n, servicio m\u00e9dico, souvenirs y muchas<br>sorpresas. Las inscripciones son gratis y se pueden hacer en las oficinas de<br>Deportes UAT y en el Gimnasio Multidisciplinario UAT Victoria, de lunes a viernes,<br>de 9:00 a 20:00 horas. #FamiliaUAT te invita.<br>Mayores informes https:\/\/www.facebook.com\/DeportesUAT<\/p>\n\n\n\n<figure class=\"wp-block-image size-large\"><img loading=\"lazy\" decoding=\"async\" width=\"1024\" height=\"580\" src=\"https:\/\/noticierotamaulipeco.info\/wp-content\/uploads\/2024\/05\/foto-1-carrera-5k-caminata-2k-16-05-2024-1024x580.jpeg\" alt=\"\" class=\"wp-image-1633\" srcset=\"https:\/\/noticierotamaulipeco.info\/wp-content\/uploads\/2024\/05\/foto-1-carrera-5k-caminata-2k-16-05-2024-1024x580.jpeg 1024w, https:\/\/noticierotamaulipeco.info\/wp-content\/uploads\/2024\/05\/foto-1-carrera-5k-caminata-2k-16-05-2024-300x170.jpeg 300w, https:\/\/noticierotamaulipeco.info\/wp-content\/uploads\/2024\/05\/foto-1-carrera-5k-caminata-2k-16-05-2024-768x435.jpeg 768w, https:\/\/noticierotamaulipeco.info\/wp-content\/uploads\/2024\/05\/foto-1-carrera-5k-caminata-2k-16-05-2024-1536x870.jpeg 1536w, https:\/\/noticierotamaulipeco.info\/wp-content\/uploads\/2024\/05\/foto-1-carrera-5k-caminata-2k-16-05-2024.jpeg 1600w\" sizes=\"auto, (max-width: 1024px) 100vw, 1024px\" \/><\/figure>\n","protected":false},"excerpt":{"rendered":"<p>15 de mayo 2024 Acomp\u00e1\u00f1anos el pr\u00f3ximo s\u00e1bado 25 de mayo a festejar a los&#8230;<\/p>\n","protected":false},"author":1,"featured_media":1633,"comment_status":"open","ping_status":"open","sticky":false,"template":"","format":"standard","meta":{"footnotes":""},"categories":[6],"tags":[],"class_list":["post-1632","post","type-post","status-publish","format-standard","has-post-thumbnail","hentry","category-deportes"],"_links":{"self":[{"href":"https:\/\/noticierotamaulipeco.info\/index.php?rest_route=\/wp\/v2\/posts\/1632","targetHints":{"allow":["GET"]}}],"collection":[{"href":"https:\/\/noticierotamaulipeco.info\/index.php?rest_route=\/wp\/v2\/posts"}],"about":[{"href":"https:\/\/noticierotamaulipeco.info\/index.php?rest_route=\/wp\/v2\/types\/post"}],"author":[{"embeddable":true,"href":"https:\/\/noticierotamaulipeco.info\/index.php?rest_route=\/wp\/v2\/users\/1"}],"replies":[{"embeddable":true,"href":"https:\/\/noticierotamaulipeco.info\/index.php?rest_route=%2Fwp%2Fv2%2Fcomments&post=1632"}],"version-history":[{"count":1,"href":"https:\/\/noticierotamaulipeco.info\/index.php?rest_route=\/wp\/v2\/posts\/1632\/revisions"}],"predecessor-version":[{"id":1634,"href":"https:\/\/noticierotamaulipeco.info\/index.php?rest_route=\/wp\/v2\/posts\/1632\/revisions\/1634"}],"wp:featuredmedia":[{"embeddable":true,"href":"https:\/\/noticierotamaulipeco.info\/index.php?rest_route=\/wp\/v2\/media\/1633"}],"wp:attachment":[{"href":"https:\/\/noticierotamaulipeco.info\/index.php?rest_route=%2Fwp%2Fv2%2Fmedia&parent=1632"}],"wp:term":[{"taxonomy":"category","embeddable":true,"href":"https:\/\/noticierotamaulipeco.info\/index.php?rest_route=%2Fwp%2Fv2%2Fcategories&post=1632"},{"taxonomy":"post_tag","embeddable":true,"href":"https:\/\/noticierotamaulipeco.info\/index.php?rest_route=%2Fwp%2Fv2%2Ftags&post=1632"}],"curies":[{"name":"wp","href":"https:\/\/api.w.org\/{rel}","templated":true}]}}