{"id":1672,"date":"2024-05-28T16:25:13","date_gmt":"2024-05-28T16:25:13","guid":{"rendered":"https:\/\/noticierotamaulipeco.info\/?p=1672"},"modified":"2024-06-01T16:26:11","modified_gmt":"2024-06-01T16:26:11","slug":"colombia-prohibe-las-corridas-de-toros","status":"publish","type":"post","link":"https:\/\/noticierotamaulipeco.info\/?p=1672","title":{"rendered":"Colombia proh\u00edbe las corridas de toros"},"content":{"rendered":"\n<p><\/p>\n\n\n\n<figure class=\"wp-block-image\"><a href=\"https:\/\/laverdad.com.mx\/wp-content\/uploads\/2024\/05\/prohibicion-de-la-corrida-de-toros-780x470-1.jpg\"><img decoding=\"async\" src=\"https:\/\/laverdad.com.mx\/wp-content\/uploads\/2024\/05\/prohibicion-de-la-corrida-de-toros-780x470-1-750x452.jpg\" alt=\"Colombia proh\u00edbe las corridas de toros\"\/><\/a><\/figure>\n\n\n\n<p>El Congreso de Colombia ha aprobado este martes un proyecto de ley que proh\u00edbe las corridas de toros en el pa\u00eds, tras casi un mes de aplazamientos debido a recursos del sector taurino. La iniciativa, respaldada por el Ministerio de Cultura, obtuvo 93 votos a favor y 2 en contra, y establece un periodo de transici\u00f3n de tres a\u00f1os.<\/p>\n\n\n\n<p>El presidente Gustavo Petro felicit\u00f3 a quienes lograron que \u201cno sea un espect\u00e1culo la muerte\u201d. Por su parte, el ministro del Interior, Luis Fernando Velasco, calific\u00f3 la prohibici\u00f3n como un \u201cbuen mensaje\u201d contra la crueldad animal y destac\u00f3 que se contempla una reconversi\u00f3n econ\u00f3mica para los afectados por esta medida.<\/p>\n","protected":false},"excerpt":{"rendered":"<p>El Congreso de Colombia ha aprobado este martes un proyecto de ley que proh\u00edbe las&#8230;<\/p>\n","protected":false},"author":1,"featured_media":1673,"comment_status":"open","ping_status":"open","sticky":false,"template":"","format":"standard","meta":{"footnotes":""},"categories":[5],"tags":[],"class_list":["post-1672","post","type-post","status-publish","format-standard","has-post-thumbnail","hentry","category-internacional"],"_links":{"self":[{"href":"https:\/\/noticierotamaulipeco.info\/index.php?rest_route=\/wp\/v2\/posts\/1672","targetHints":{"allow":["GET"]}}],"collection":[{"href":"https:\/\/noticierotamaulipeco.info\/index.php?rest_route=\/wp\/v2\/posts"}],"about":[{"href":"https:\/\/noticierotamaulipeco.info\/index.php?rest_route=\/wp\/v2\/types\/post"}],"author":[{"embeddable":true,"href":"https:\/\/noticierotamaulipeco.info\/index.php?rest_route=\/wp\/v2\/users\/1"}],"replies":[{"embeddable":true,"href":"https:\/\/noticierotamaulipeco.info\/index.php?rest_route=%2Fwp%2Fv2%2Fcomments&post=1672"}],"version-history":[{"count":1,"href":"https:\/\/noticierotamaulipeco.info\/index.php?rest_route=\/wp\/v2\/posts\/1672\/revisions"}],"predecessor-version":[{"id":1674,"href":"https:\/\/noticierotamaulipeco.info\/index.php?rest_route=\/wp\/v2\/posts\/1672\/revisions\/1674"}],"wp:featuredmedia":[{"embeddable":true,"href":"https:\/\/noticierotamaulipeco.info\/index.php?rest_route=\/wp\/v2\/media\/1673"}],"wp:attachment":[{"href":"https:\/\/noticierotamaulipeco.info\/index.php?rest_route=%2Fwp%2Fv2%2Fmedia&parent=1672"}],"wp:term":[{"taxonomy":"category","embeddable":true,"href":"https:\/\/noticierotamaulipeco.info\/index.php?rest_route=%2Fwp%2Fv2%2Fcategories&post=1672"},{"taxonomy":"post_tag","embeddable":true,"href":"https:\/\/noticierotamaulipeco.info\/index.php?rest_route=%2Fwp%2Fv2%2Ftags&post=1672"}],"curies":[{"name":"wp","href":"https:\/\/api.w.org\/{rel}","templated":true}]}}