{"id":1734,"date":"2024-06-01T15:03:55","date_gmt":"2024-06-01T15:03:55","guid":{"rendered":"https:\/\/noticierotamaulipeco.info\/?p=1734"},"modified":"2024-06-05T15:06:04","modified_gmt":"2024-06-05T15:06:04","slug":"hay-ley-seca-por-elecciones","status":"publish","type":"post","link":"https:\/\/noticierotamaulipeco.info\/?p=1734","title":{"rendered":"Hay ley seca por elecciones"},"content":{"rendered":"\n<figure class=\"wp-block-image size-large\"><img loading=\"lazy\" decoding=\"async\" width=\"1024\" height=\"623\" src=\"https:\/\/noticierotamaulipeco.info\/wp-content\/uploads\/2024\/06\/ley_seca-1024x623.jpeg\" alt=\"\" class=\"wp-image-1735\" srcset=\"https:\/\/noticierotamaulipeco.info\/wp-content\/uploads\/2024\/06\/ley_seca-1024x623.jpeg 1024w, https:\/\/noticierotamaulipeco.info\/wp-content\/uploads\/2024\/06\/ley_seca-300x183.jpeg 300w, https:\/\/noticierotamaulipeco.info\/wp-content\/uploads\/2024\/06\/ley_seca-768x467.jpeg 768w, https:\/\/noticierotamaulipeco.info\/wp-content\/uploads\/2024\/06\/ley_seca.jpeg 1040w\" sizes=\"auto, (max-width: 1024px) 100vw, 1024px\" \/><\/figure>\n\n\n\n<p><a href=\"https:\/\/laverdad.com.mx\/wp-content\/uploads\/2024\/05\/IMG_8807.jpeg\"><\/a><\/p>\n\n\n\n<p>Se confirm\u00f3 que a partir del primer minuto de hoy s\u00e1bado inicia la \u201cley seca\u201d en Tamaulipas,<\/p>\n\n\n\n<p>y termina al finalizar el dos de junio, con motivo de la jornada electoral del pr\u00f3ximo domingo.<\/p>\n\n\n\n<p>\u201cYa emiti\u00f3 el comunicado el Gobierno del Estado, es a partir de las primeras horas del s\u00e1bado la \u2018ley seca\u2019, y nosotros como Gobierno municipal vamos a estar coadyuvando con las autoridades de la Secretar\u00eda de Finanzas\u201d, refiri\u00f3.<\/p>\n\n\n\n<p>Dijo que habr\u00e1n de estar vigilantes en materia de alcoholes para estar al pendiente de que se cumpla con el comunicado que emiti\u00f3 la propia Secretar\u00eda de Finanzas con el tema de suspender la venta de alcohol con el prop\u00f3sito de dar cumplimiento al tema electoral.<\/p>\n\n\n\n<p>\u201cEn ese sentido vamos a estar nosotros coadyuvando a trav\u00e9s del \u00e1rea de alcoholes municipal para que se cumpla con esta normatividad normalmente siempre se hace un operativo de bares y cantinas junto con la Guardia Estatal, Guardia Nacional, Sedena, la propia Secretar\u00eda de Finanzas, Protecci\u00f3n Civil, Alcoholes municipal, donde salen todas estas instituciones para verificar que se est\u00e9 dando cumplimiento a la norma\u201d, advirti\u00f3.<\/p>\n\n\n\n<p>En ese sentido, dijo que van a estar coadyuvando a trav\u00e9s del \u00e1rea de alcoholes municipales para que se cumpla con la normatividad.<\/p>\n\n\n\n<p>A\u00fan cuando dijo que las personas que se dedican a la comercializaci\u00f3n de bebidas alcoh\u00f3licas son muy conscientes, advirti\u00f3 que s\u00ed habr\u00eda sanciones para aquellos que incumplan con la \u201cley seca\u201d.<\/p>\n\n\n\n<p>\u201cCuando menos habr\u00e1 400 elementos de seguridad por parte de la Secretar\u00eda de la Defensa Nacional, Guardia Nacional y Guardia Estatal\u201d, revel\u00f3 Res\u00e9ndez Silva al ser cuestionado sobre el n\u00famero de elementos que estar\u00edan realizando labores de vigilancia el pr\u00f3ximo domingo dos de junio, d\u00eda de la jornada electoral.<\/p>\n\n\n\n<p>Cabe se\u00f1alar que la prohibici\u00f3n para la venta de bebidas alcoh\u00f3licas aplica para dep\u00f3sitos, tiendas de autoservicio, tiendas de conveniencia, bares, cantinas y centros de espect\u00e1culos.<\/p>\n","protected":false},"excerpt":{"rendered":"<p>Se confirm\u00f3 que a partir del primer minuto de hoy s\u00e1bado inicia la \u201cley seca\u201d&#8230;<\/p>\n","protected":false},"author":1,"featured_media":1735,"comment_status":"open","ping_status":"open","sticky":false,"template":"","format":"standard","meta":{"footnotes":""},"categories":[2],"tags":[],"class_list":["post-1734","post","type-post","status-publish","format-standard","has-post-thumbnail","hentry","category-tamaulipas"],"_links":{"self":[{"href":"https:\/\/noticierotamaulipeco.info\/index.php?rest_route=\/wp\/v2\/posts\/1734","targetHints":{"allow":["GET"]}}],"collection":[{"href":"https:\/\/noticierotamaulipeco.info\/index.php?rest_route=\/wp\/v2\/posts"}],"about":[{"href":"https:\/\/noticierotamaulipeco.info\/index.php?rest_route=\/wp\/v2\/types\/post"}],"author":[{"embeddable":true,"href":"https:\/\/noticierotamaulipeco.info\/index.php?rest_route=\/wp\/v2\/users\/1"}],"replies":[{"embeddable":true,"href":"https:\/\/noticierotamaulipeco.info\/index.php?rest_route=%2Fwp%2Fv2%2Fcomments&post=1734"}],"version-history":[{"count":1,"href":"https:\/\/noticierotamaulipeco.info\/index.php?rest_route=\/wp\/v2\/posts\/1734\/revisions"}],"predecessor-version":[{"id":1736,"href":"https:\/\/noticierotamaulipeco.info\/index.php?rest_route=\/wp\/v2\/posts\/1734\/revisions\/1736"}],"wp:featuredmedia":[{"embeddable":true,"href":"https:\/\/noticierotamaulipeco.info\/index.php?rest_route=\/wp\/v2\/media\/1735"}],"wp:attachment":[{"href":"https:\/\/noticierotamaulipeco.info\/index.php?rest_route=%2Fwp%2Fv2%2Fmedia&parent=1734"}],"wp:term":[{"taxonomy":"category","embeddable":true,"href":"https:\/\/noticierotamaulipeco.info\/index.php?rest_route=%2Fwp%2Fv2%2Fcategories&post=1734"},{"taxonomy":"post_tag","embeddable":true,"href":"https:\/\/noticierotamaulipeco.info\/index.php?rest_route=%2Fwp%2Fv2%2Ftags&post=1734"}],"curies":[{"name":"wp","href":"https:\/\/api.w.org\/{rel}","templated":true}]}}