{"id":1737,"date":"2024-06-02T15:06:51","date_gmt":"2024-06-02T15:06:51","guid":{"rendered":"https:\/\/noticierotamaulipeco.info\/?p=1737"},"modified":"2024-06-05T15:08:19","modified_gmt":"2024-06-05T15:08:19","slug":"emite-su-voto-el-presidente-lopez-obrador-en-la-cdmx","status":"publish","type":"post","link":"https:\/\/noticierotamaulipeco.info\/?p=1737","title":{"rendered":"Emite su voto el Presidente L\u00f3pez Obrador en la CDMX"},"content":{"rendered":"\n<figure class=\"wp-block-image\"><a href=\"https:\/\/laverdad.com.mx\/wp-content\/uploads\/2024\/06\/2peje.jpg\"><img decoding=\"async\" src=\"https:\/\/laverdad.com.mx\/wp-content\/uploads\/2024\/06\/2peje-750x500.jpg\" alt=\"Presidente L\u00f3pez Obrador vota en una casilla del Centro Hist\u00f3rico de la CDMX\"\/><\/a><\/figure>\n\n\n\n<p><\/p>\n\n\n\n<p>El presidente Andr\u00e9s Manuel L\u00f3pez Obrador acudi\u00f3 la ma\u00f1ana de hoy 2 de junio a votar en los comicios m\u00e1s grandes en la historia del pa\u00eds ya que no s\u00f3lo M\u00e9xico podr\u00eda tener a su primera presidenta, sino que tambi\u00e9n se renovar\u00e1n ocho gubernaturas y la jefatura de Gobierno de la Ciudad de M\u00e9xico y el Congreso de la Uni\u00f3n.<\/p>\n\n\n\n<p>Acompa\u00f1ado por su esposa, la escritora Beatriz Guti\u00e9rrez M\u00fcller, el mandatario sali\u00f3 caminando de Palacio Nacional y se dirigi\u00f3 a la casilla ubicada en la calle de Moneda 4, en el Centro Hist\u00f3rico de la Ciudad de M\u00e9xico, en la alcald\u00eda Cuauht\u00e9moc, la cual es la que le corresponde a la secci\u00f3n 4748.<\/p>\n\n\n\n<p>Previo a entrar a la casilla, L\u00f3pez Obrador salud\u00f3 a algunos de sus simpatizantes que se dieron cita en las inmediaciones, quienes incluso le pidieron tomarse una foto con \u00e9l.<\/p>\n\n\n\n<p>Fue a las 8:27 horas que el jefe del Ejecutivo federal emiti\u00f3 su voto, luego de haber presentado su credencial de elector a los funcionarios de casilla, quienes les proporcionaron las planillas, una de ella para elegir a su relevo en la Presidencia, tambi\u00e9n a quien ser\u00e1 el nuevo titular de la Ciudad de M\u00e9xico y a quienes conformar\u00e1n el Congreso. Este es el \u00faltimo voto de L\u00f3pez Obrador como presidente, ya que su cargo concluye en septiembre y en octubre entregar\u00e1 la banda presidencial a quien resulte ganador en las elecciones de este domingo.<\/p>\n\n\n\n<p>Previo a la llegada del mandatario elementos del Ej\u00e9rcito mexicano realizaron un recorrido por la zona acompa\u00f1ados por binomios caninos para descarta alg\u00fan riesgo a la seguridad de L\u00f3pez Obrador.<\/p>\n\n\n\n<p>A la llegada a su casilla en la calle de Moneda, el presidente L\u00f3pez Obrador detuvo su paso para hablar con algunos de sus simpatizantes que lo esperaban en la puerta y dialog\u00f3 con ellos por unos minutos, entre ellos un menor quien le entreg\u00f3 un AMLITO de peluche.<\/p>\n\n\n\n<p>El mandatario le autografi\u00f3 el mu\u00f1eco y se lo regres\u00f3. Posteriormente se tom\u00f3 una foto junto con su esposa con el menor, quien se mostraba muy feliz por haber hablado con \u00e9l.<\/p>\n","protected":false},"excerpt":{"rendered":"<p>El presidente Andr\u00e9s Manuel L\u00f3pez Obrador acudi\u00f3 la ma\u00f1ana de hoy 2 de junio a&#8230;<\/p>\n","protected":false},"author":1,"featured_media":1738,"comment_status":"open","ping_status":"open","sticky":false,"template":"","format":"standard","meta":{"footnotes":""},"categories":[3],"tags":[],"class_list":["post-1737","post","type-post","status-publish","format-standard","has-post-thumbnail","hentry","category-mexico"],"_links":{"self":[{"href":"https:\/\/noticierotamaulipeco.info\/index.php?rest_route=\/wp\/v2\/posts\/1737","targetHints":{"allow":["GET"]}}],"collection":[{"href":"https:\/\/noticierotamaulipeco.info\/index.php?rest_route=\/wp\/v2\/posts"}],"about":[{"href":"https:\/\/noticierotamaulipeco.info\/index.php?rest_route=\/wp\/v2\/types\/post"}],"author":[{"embeddable":true,"href":"https:\/\/noticierotamaulipeco.info\/index.php?rest_route=\/wp\/v2\/users\/1"}],"replies":[{"embeddable":true,"href":"https:\/\/noticierotamaulipeco.info\/index.php?rest_route=%2Fwp%2Fv2%2Fcomments&post=1737"}],"version-history":[{"count":1,"href":"https:\/\/noticierotamaulipeco.info\/index.php?rest_route=\/wp\/v2\/posts\/1737\/revisions"}],"predecessor-version":[{"id":1739,"href":"https:\/\/noticierotamaulipeco.info\/index.php?rest_route=\/wp\/v2\/posts\/1737\/revisions\/1739"}],"wp:featuredmedia":[{"embeddable":true,"href":"https:\/\/noticierotamaulipeco.info\/index.php?rest_route=\/wp\/v2\/media\/1738"}],"wp:attachment":[{"href":"https:\/\/noticierotamaulipeco.info\/index.php?rest_route=%2Fwp%2Fv2%2Fmedia&parent=1737"}],"wp:term":[{"taxonomy":"category","embeddable":true,"href":"https:\/\/noticierotamaulipeco.info\/index.php?rest_route=%2Fwp%2Fv2%2Fcategories&post=1737"},{"taxonomy":"post_tag","embeddable":true,"href":"https:\/\/noticierotamaulipeco.info\/index.php?rest_route=%2Fwp%2Fv2%2Ftags&post=1737"}],"curies":[{"name":"wp","href":"https:\/\/api.w.org\/{rel}","templated":true}]}}