{"id":1740,"date":"2024-06-04T15:08:47","date_gmt":"2024-06-04T15:08:47","guid":{"rendered":"https:\/\/noticierotamaulipeco.info\/?p=1740"},"modified":"2024-06-05T15:12:37","modified_gmt":"2024-06-05T15:12:37","slug":"reconoce-evo-morales-el-cambio-en-mexico-impulsado-por-amlo","status":"publish","type":"post","link":"https:\/\/noticierotamaulipeco.info\/?p=1740","title":{"rendered":"Reconoce Evo Morales el cambio  en M\u00e9xico impulsado por AMLO"},"content":{"rendered":"\n<figure class=\"wp-block-image\"><a href=\"https:\/\/laverdad.com.mx\/wp-content\/uploads\/2024\/06\/4676249.jpg\"><img decoding=\"async\" src=\"https:\/\/laverdad.com.mx\/wp-content\/uploads\/2024\/06\/4676249-750x500.jpg\" alt=\"Evo Morales reconoce el cambio profundo en M\u00e9xico impulsado por AMLO\"\/><\/a><\/figure>\n\n\n\n<p>El exmandatario de Bolivia, Evo Morales, elogi\u00f3 el \u201ccambio profundo\u201d impulsado en M\u00e9xico por su presidente, Andr\u00e9s Manuel L\u00f3pez Obrador (AMLO), y destac\u00f3 que este fortaleci\u00f3 la integraci\u00f3n regional. Morales se refiri\u00f3 al tema en un contacto virtual con la radio cocalera Kawsachun Coca desde M\u00e9xico, donde se encuentra invitado por Morena, el partido de L\u00f3pez Obrador, para \u201cacompa\u00f1ar\u201d el proceso electoral en el pa\u00eds.<\/p>\n\n\n\n<p>Morales, que forma parte de la misi\u00f3n de observaci\u00f3n electoral del Grupo de Puebla para los comicios de este domingo, critic\u00f3 a los expresidentes mexicanos por su orientaci\u00f3n hacia el norte y valor\u00f3 el cambio de perspectiva bajo el gobierno de AMLO hacia Am\u00e9rica Latina, que considera como una \u201cfamilia de M\u00e9xico\u201d.<\/p>\n\n\n\n<p>El tambi\u00e9n l\u00edder del Movimiento al Socialismo (MAS) de Bolivia se\u00f1al\u00f3 que L\u00f3pez Obrador concluye su mandato con una aprobaci\u00f3n de \u201cm\u00e1s del 60 %\u201d gracias a sus \u201cpol\u00edticas sociales\u201d. Morales expres\u00f3 su optimismo sobre la posibilidad de que el partido de AMLO sea \u201cratificado en estas elecciones\u201d y resalt\u00f3 que la victoria de Claudia Sheinbaum, la candidata oficialista, ser\u00eda hist\u00f3rica como la primera presidenta mujer de M\u00e9xico y del norte.<\/p>\n\n\n\n<p>Morales destac\u00f3 que el \u201ccambio rotundo\u201d en M\u00e9xico fortalece la integraci\u00f3n latinoamericana y garantiza la continuidad de la Comunidad de Estados Latinoamericanos y Caribe\u00f1os (Celac), que describe como \u201cuna OEA sin Estados Unidos\u201d. Critic\u00f3 a Estados Unidos por intentar desgastar a la Celac mediante iniciativas como el Grupo de Lima y la Alianza del Pac\u00edfico, aunque considera que la Celac sigue consolid\u00e1ndose.<\/p>\n\n\n\n<p>El exmandatario lament\u00f3 las debilidades actuales de la Uni\u00f3n de Naciones Suramericanas (Unasur) y mencion\u00f3 la organizaci\u00f3n de \u201clos pueblos\u201d en Runasur, una plataforma internacional de movimientos sociales e ind\u00edgenas que \u00e9l impulsa.<\/p>\n\n\n\n<p>Morales expres\u00f3 su \u201crespeto, cari\u00f1o y admiraci\u00f3n\u201d hacia L\u00f3pez Obrador, recordando que en 2019, tras su renuncia a la Presidencia en medio de la crisis postelectoral en Bolivia, AMLO le \u201csalv\u00f3 la vida\u201d al enviar un avi\u00f3n para llevarlo a M\u00e9xico. Morales permaneci\u00f3 en M\u00e9xico por un mes antes de trasladarse a Argentina, desde donde dirigi\u00f3 la campa\u00f1a electoral de Luis Arce para las elecciones de 2020, aunque actualmente est\u00e1 distanciado de Arce.<\/p>\n","protected":false},"excerpt":{"rendered":"<p>El exmandatario de Bolivia, Evo Morales, elogi\u00f3 el \u201ccambio profundo\u201d impulsado en M\u00e9xico por su&#8230;<\/p>\n","protected":false},"author":1,"featured_media":1741,"comment_status":"open","ping_status":"open","sticky":false,"template":"","format":"standard","meta":{"footnotes":""},"categories":[5],"tags":[],"class_list":["post-1740","post","type-post","status-publish","format-standard","has-post-thumbnail","hentry","category-internacional"],"_links":{"self":[{"href":"https:\/\/noticierotamaulipeco.info\/index.php?rest_route=\/wp\/v2\/posts\/1740","targetHints":{"allow":["GET"]}}],"collection":[{"href":"https:\/\/noticierotamaulipeco.info\/index.php?rest_route=\/wp\/v2\/posts"}],"about":[{"href":"https:\/\/noticierotamaulipeco.info\/index.php?rest_route=\/wp\/v2\/types\/post"}],"author":[{"embeddable":true,"href":"https:\/\/noticierotamaulipeco.info\/index.php?rest_route=\/wp\/v2\/users\/1"}],"replies":[{"embeddable":true,"href":"https:\/\/noticierotamaulipeco.info\/index.php?rest_route=%2Fwp%2Fv2%2Fcomments&post=1740"}],"version-history":[{"count":1,"href":"https:\/\/noticierotamaulipeco.info\/index.php?rest_route=\/wp\/v2\/posts\/1740\/revisions"}],"predecessor-version":[{"id":1742,"href":"https:\/\/noticierotamaulipeco.info\/index.php?rest_route=\/wp\/v2\/posts\/1740\/revisions\/1742"}],"wp:featuredmedia":[{"embeddable":true,"href":"https:\/\/noticierotamaulipeco.info\/index.php?rest_route=\/wp\/v2\/media\/1741"}],"wp:attachment":[{"href":"https:\/\/noticierotamaulipeco.info\/index.php?rest_route=%2Fwp%2Fv2%2Fmedia&parent=1740"}],"wp:term":[{"taxonomy":"category","embeddable":true,"href":"https:\/\/noticierotamaulipeco.info\/index.php?rest_route=%2Fwp%2Fv2%2Fcategories&post=1740"},{"taxonomy":"post_tag","embeddable":true,"href":"https:\/\/noticierotamaulipeco.info\/index.php?rest_route=%2Fwp%2Fv2%2Ftags&post=1740"}],"curies":[{"name":"wp","href":"https:\/\/api.w.org\/{rel}","templated":true}]}}