{"id":1743,"date":"2024-06-05T15:15:10","date_gmt":"2024-06-05T15:15:10","guid":{"rendered":"https:\/\/noticierotamaulipeco.info\/?p=1743"},"modified":"2024-06-05T15:15:10","modified_gmt":"2024-06-05T15:15:10","slug":"kylian-mbappe-no-va-a-los-juegos-olimpicos-de-paris","status":"publish","type":"post","link":"https:\/\/noticierotamaulipeco.info\/?p=1743","title":{"rendered":"Kylian Mbapp\u00e9 no va a los Juegos Ol\u00edmpicos de Par\u00eds"},"content":{"rendered":"\n<figure class=\"wp-block-image size-full\"><img loading=\"lazy\" decoding=\"async\" width=\"309\" height=\"163\" src=\"https:\/\/noticierotamaulipeco.info\/wp-content\/uploads\/2024\/06\/images-3.jpg\" alt=\"\" class=\"wp-image-1744\" srcset=\"https:\/\/noticierotamaulipeco.info\/wp-content\/uploads\/2024\/06\/images-3.jpg 309w, https:\/\/noticierotamaulipeco.info\/wp-content\/uploads\/2024\/06\/images-3-300x158.jpg 300w\" sizes=\"auto, (max-width: 309px) 100vw, 309px\" \/><\/figure>\n\n\n\n<p>El delantero Kylian Mbapp\u00e9 no figura en la lista provisional de convocados por Francia para los Juegos Ol\u00edmpicos de Par\u00eds, anunciada este lunes por el seleccionador Thierry Henry.<\/p>\n\n\n\n<p>Henry explic\u00f3 que se trata de una lista preliminar \u201cque puede cambiar y que cambiar\u00e1\u201d y se\u00f1al\u00f3 que est\u00e1n en negociaciones con muchos clubes para que permitan a los jugadores acudir, ya que no es una fecha FIFA.<\/p>\n\n\n\n<p>Arqueros: Lucas Chevalier (Lille), Obed Nkambadio (Paris FC), Guillaume Restes (Toulouse), Robin Risser (Dijon).<\/p>\n\n\n\n<p>Defensores: Bafode Diakite (Lille), Maxime Esteve (Burnley), Bradley Locko (Brest), Castello Lukeba (Leipzig), Kiliann Sildillia (Friburgo), Adrien Truffert (Rennes), Leny Yoro (Lille).<\/p>\n\n\n\n<p>Volantes: Maghnes Akliouche (Monaco), Joris Chotard (Montpellier), Desire Doue (Rennes), Manu Kone (Borussia M\u00f6nchengladbach), Enzo Millot (Stuttgart), Khephren Thuram (Niza), Lesley Ugochukwu (Chelsea), Warren Zaire-Emery (Paris Saint-Germain).<\/p>\n\n\n\n<p>Delanteros: Bradley Barcola (Paris Saint-Germain), Arnaud Kalimuendo (Rennes), Alexandre Lacazette (Lyon), Jean-Philippe Mateta (Crystal Palace), Michael Olise (Crystal Palace), Mathys Tel (Bayern Munich).<\/p>\n\n\n\n<p>El seleccionador franc\u00e9s reiter\u00f3 que la lista es preliminar y est\u00e1 sujeta a cambios, en un esfuerzo por asegurar la mejor selecci\u00f3n posible para competir en los Juegos de Par\u00eds 2024.<\/p>\n","protected":false},"excerpt":{"rendered":"<p>El delantero Kylian Mbapp\u00e9 no figura en la lista provisional de convocados por Francia para&#8230;<\/p>\n","protected":false},"author":1,"featured_media":1744,"comment_status":"open","ping_status":"open","sticky":false,"template":"","format":"standard","meta":{"footnotes":""},"categories":[6],"tags":[],"class_list":["post-1743","post","type-post","status-publish","format-standard","has-post-thumbnail","hentry","category-deportes"],"_links":{"self":[{"href":"https:\/\/noticierotamaulipeco.info\/index.php?rest_route=\/wp\/v2\/posts\/1743","targetHints":{"allow":["GET"]}}],"collection":[{"href":"https:\/\/noticierotamaulipeco.info\/index.php?rest_route=\/wp\/v2\/posts"}],"about":[{"href":"https:\/\/noticierotamaulipeco.info\/index.php?rest_route=\/wp\/v2\/types\/post"}],"author":[{"embeddable":true,"href":"https:\/\/noticierotamaulipeco.info\/index.php?rest_route=\/wp\/v2\/users\/1"}],"replies":[{"embeddable":true,"href":"https:\/\/noticierotamaulipeco.info\/index.php?rest_route=%2Fwp%2Fv2%2Fcomments&post=1743"}],"version-history":[{"count":1,"href":"https:\/\/noticierotamaulipeco.info\/index.php?rest_route=\/wp\/v2\/posts\/1743\/revisions"}],"predecessor-version":[{"id":1745,"href":"https:\/\/noticierotamaulipeco.info\/index.php?rest_route=\/wp\/v2\/posts\/1743\/revisions\/1745"}],"wp:featuredmedia":[{"embeddable":true,"href":"https:\/\/noticierotamaulipeco.info\/index.php?rest_route=\/wp\/v2\/media\/1744"}],"wp:attachment":[{"href":"https:\/\/noticierotamaulipeco.info\/index.php?rest_route=%2Fwp%2Fv2%2Fmedia&parent=1743"}],"wp:term":[{"taxonomy":"category","embeddable":true,"href":"https:\/\/noticierotamaulipeco.info\/index.php?rest_route=%2Fwp%2Fv2%2Fcategories&post=1743"},{"taxonomy":"post_tag","embeddable":true,"href":"https:\/\/noticierotamaulipeco.info\/index.php?rest_route=%2Fwp%2Fv2%2Ftags&post=1743"}],"curies":[{"name":"wp","href":"https:\/\/api.w.org\/{rel}","templated":true}]}}