{"id":1753,"date":"2024-06-05T13:07:11","date_gmt":"2024-06-05T13:07:11","guid":{"rendered":"https:\/\/noticierotamaulipeco.info\/?p=1753"},"modified":"2024-06-06T13:07:48","modified_gmt":"2024-06-06T13:07:48","slug":"van-taekwondoines-de-la-uat-a-selectivo-nacional","status":"publish","type":"post","link":"https:\/\/noticierotamaulipeco.info\/?p=1753","title":{"rendered":"Van taekwondo\u00ednes de la UAT a selectivo nacional"},"content":{"rendered":"\n<figure class=\"wp-block-image size-large\"><img loading=\"lazy\" decoding=\"async\" width=\"1024\" height=\"667\" src=\"https:\/\/noticierotamaulipeco.info\/wp-content\/uploads\/2024\/06\/WhatsApp-Image-2024-06-05-at-14.11.49-1024x667.jpg\" alt=\"\" class=\"wp-image-1754\" srcset=\"https:\/\/noticierotamaulipeco.info\/wp-content\/uploads\/2024\/06\/WhatsApp-Image-2024-06-05-at-14.11.49-1024x667.jpg 1024w, https:\/\/noticierotamaulipeco.info\/wp-content\/uploads\/2024\/06\/WhatsApp-Image-2024-06-05-at-14.11.49-300x195.jpg 300w, https:\/\/noticierotamaulipeco.info\/wp-content\/uploads\/2024\/06\/WhatsApp-Image-2024-06-05-at-14.11.49-768x500.jpg 768w, https:\/\/noticierotamaulipeco.info\/wp-content\/uploads\/2024\/06\/WhatsApp-Image-2024-06-05-at-14.11.49-1536x1000.jpg 1536w, https:\/\/noticierotamaulipeco.info\/wp-content\/uploads\/2024\/06\/WhatsApp-Image-2024-06-05-at-14.11.49.jpg 1600w\" sizes=\"auto, (max-width: 1024px) 100vw, 1024px\" \/><\/figure>\n\n\n\n<p>Con la mira puesta en el Festival Universitario que se celebrar\u00e1 en Se\u00fal, Corea del<br>Sur, la deleci\u00f3n de Taekwondo de la Universidad Aut\u00f3noma de Tamaulipas (UAT)<br>disputar\u00e1 el Nacional Selectivo que convoca la Federaci\u00f3n Mexicana de la<br>especialidad.<br>La competencia tendr\u00e1 verificativo este s\u00e1bado 8 y domingo 9 de junio en el<br>Palacio de Convenciones de Zacatecas, Zacatecas.<br>Con el apoyo total del Rector de la UAT, D\u00e1maso Anaya Alvarado, del<br>Secretario de Vinculaci\u00f3n, Rogelio de Jes\u00fas Ram\u00edrez Flores y el Director de<br>Deportes y Recreaci\u00f3n, Julio Schauer Vela, la delegaci\u00f3n de la UAT asiste bajo el<br>mando del profesor Romualdo Salazar Ruiz.<br>En la rama femenil acuden: Patricia Joseline Estrada Tirado, de la Facultad<br>de Ciencias de la Educaci\u00f3n y Humanidades; Natalia Montserrat Sarmiento<br>Rodr\u00edguez, de la Unidad Acad\u00e9mica de Trabajo Social y Ciencias para el<br>Desarrollo Humano y Milka Dhamar Bustos Aguirre, de la Unidad Acad\u00e9mica<br>Multidisciplinaria Matamoros.<br>En la rama varonil competir\u00e1n: Roberto Garza S\u00e1nchez y Santiago Misael<br>Mu\u00f1iz Orozco, de la Facultad de Ingenier\u00eda y Ciencias; Jes\u00fas Alexandro Sierra<br>Cant\u00fa, de la Facultad de Medicina Matamoros y Jos\u00e9 Ignacio P\u00e9rez Ortiz, de la<br>Facultad de Odontolog\u00eda Tampico.<br>Seg\u00fan la convocatoria, emitida por la Federaci\u00f3n Mexicana de Taekwondo,<br>el primer lugar de las ocho divisiones, ambas ramas, se ganar\u00e1n el derecho de<br>representar a M\u00e9xico en el Festival Universitario de Corea.<\/p>\n","protected":false},"excerpt":{"rendered":"<p>Con la mira puesta en el Festival Universitario que se celebrar\u00e1 en Se\u00fal, Corea delSur,&#8230;<\/p>\n","protected":false},"author":1,"featured_media":1754,"comment_status":"open","ping_status":"open","sticky":false,"template":"","format":"standard","meta":{"footnotes":""},"categories":[6],"tags":[],"class_list":["post-1753","post","type-post","status-publish","format-standard","has-post-thumbnail","hentry","category-deportes"],"_links":{"self":[{"href":"https:\/\/noticierotamaulipeco.info\/index.php?rest_route=\/wp\/v2\/posts\/1753","targetHints":{"allow":["GET"]}}],"collection":[{"href":"https:\/\/noticierotamaulipeco.info\/index.php?rest_route=\/wp\/v2\/posts"}],"about":[{"href":"https:\/\/noticierotamaulipeco.info\/index.php?rest_route=\/wp\/v2\/types\/post"}],"author":[{"embeddable":true,"href":"https:\/\/noticierotamaulipeco.info\/index.php?rest_route=\/wp\/v2\/users\/1"}],"replies":[{"embeddable":true,"href":"https:\/\/noticierotamaulipeco.info\/index.php?rest_route=%2Fwp%2Fv2%2Fcomments&post=1753"}],"version-history":[{"count":1,"href":"https:\/\/noticierotamaulipeco.info\/index.php?rest_route=\/wp\/v2\/posts\/1753\/revisions"}],"predecessor-version":[{"id":1755,"href":"https:\/\/noticierotamaulipeco.info\/index.php?rest_route=\/wp\/v2\/posts\/1753\/revisions\/1755"}],"wp:featuredmedia":[{"embeddable":true,"href":"https:\/\/noticierotamaulipeco.info\/index.php?rest_route=\/wp\/v2\/media\/1754"}],"wp:attachment":[{"href":"https:\/\/noticierotamaulipeco.info\/index.php?rest_route=%2Fwp%2Fv2%2Fmedia&parent=1753"}],"wp:term":[{"taxonomy":"category","embeddable":true,"href":"https:\/\/noticierotamaulipeco.info\/index.php?rest_route=%2Fwp%2Fv2%2Fcategories&post=1753"},{"taxonomy":"post_tag","embeddable":true,"href":"https:\/\/noticierotamaulipeco.info\/index.php?rest_route=%2Fwp%2Fv2%2Ftags&post=1753"}],"curies":[{"name":"wp","href":"https:\/\/api.w.org\/{rel}","templated":true}]}}