{"id":1794,"date":"2024-06-01T15:47:01","date_gmt":"2024-06-01T15:47:01","guid":{"rendered":"https:\/\/noticierotamaulipeco.info\/?p=1794"},"modified":"2024-06-11T16:42:04","modified_gmt":"2024-06-11T16:42:04","slug":"preside-gobernador-ava-el-82-aniversario-del-dia-de-la-marina-nacional","status":"publish","type":"post","link":"https:\/\/noticierotamaulipeco.info\/?p=1794","title":{"rendered":"ASISTE  GOBERNADOR  AL ANIVERSARIO DE LA MARINA NACIONAL"},"content":{"rendered":"\n<figure class=\"wp-block-image size-large\"><img loading=\"lazy\" decoding=\"async\" width=\"1024\" height=\"1024\" src=\"https:\/\/noticierotamaulipeco.info\/wp-content\/uploads\/2024\/06\/447296527_889948496511176_7405792952328048731_n-1024x1024.jpg\" alt=\"\" class=\"wp-image-1796\" srcset=\"https:\/\/noticierotamaulipeco.info\/wp-content\/uploads\/2024\/06\/447296527_889948496511176_7405792952328048731_n-1024x1024.jpg 1024w, https:\/\/noticierotamaulipeco.info\/wp-content\/uploads\/2024\/06\/447296527_889948496511176_7405792952328048731_n-300x300.jpg 300w, https:\/\/noticierotamaulipeco.info\/wp-content\/uploads\/2024\/06\/447296527_889948496511176_7405792952328048731_n-150x150.jpg 150w, https:\/\/noticierotamaulipeco.info\/wp-content\/uploads\/2024\/06\/447296527_889948496511176_7405792952328048731_n-768x768.jpg 768w, https:\/\/noticierotamaulipeco.info\/wp-content\/uploads\/2024\/06\/447296527_889948496511176_7405792952328048731_n.jpg 1080w\" sizes=\"auto, (max-width: 1024px) 100vw, 1024px\" \/><\/figure>\n\n\n\n<p>01 de Junio 2024<\/p>\n\n\n\n<p>El d\u00eda de hoy se realiz\u00f3 un evento con motivo del 82 aniversario del D\u00eda de la Marina Nacional, el gobernador Am\u00e9rico Villarreal Anaya, junto al Vicealmirante Carlos Eduardo L&#8217;Egliese Escamilla comandante de la Primera Regi\u00f3n Naval, reconocieron la contribuci\u00f3n de los marinos a la independencia y soberan\u00eda nacional y su participaci\u00f3n en las tareas para el fortalecimiento de la seguridad y desarrollo en nuestro estado, tambi\u00e9n entregaron reconocimientos y ascensos de grados, adem\u00e1s rindieron homenaje a los marinos ca\u00eddos en cumplimiento de su deber.<\/p>\n","protected":false},"excerpt":{"rendered":"<p>01 de Junio 2024 El d\u00eda de hoy se realiz\u00f3 un evento con motivo del&#8230;<\/p>\n","protected":false},"author":1,"featured_media":1795,"comment_status":"open","ping_status":"open","sticky":false,"template":"","format":"standard","meta":{"footnotes":""},"categories":[2],"tags":[],"class_list":["post-1794","post","type-post","status-publish","format-standard","has-post-thumbnail","hentry","category-tamaulipas"],"_links":{"self":[{"href":"https:\/\/noticierotamaulipeco.info\/index.php?rest_route=\/wp\/v2\/posts\/1794","targetHints":{"allow":["GET"]}}],"collection":[{"href":"https:\/\/noticierotamaulipeco.info\/index.php?rest_route=\/wp\/v2\/posts"}],"about":[{"href":"https:\/\/noticierotamaulipeco.info\/index.php?rest_route=\/wp\/v2\/types\/post"}],"author":[{"embeddable":true,"href":"https:\/\/noticierotamaulipeco.info\/index.php?rest_route=\/wp\/v2\/users\/1"}],"replies":[{"embeddable":true,"href":"https:\/\/noticierotamaulipeco.info\/index.php?rest_route=%2Fwp%2Fv2%2Fcomments&post=1794"}],"version-history":[{"count":4,"href":"https:\/\/noticierotamaulipeco.info\/index.php?rest_route=\/wp\/v2\/posts\/1794\/revisions"}],"predecessor-version":[{"id":1828,"href":"https:\/\/noticierotamaulipeco.info\/index.php?rest_route=\/wp\/v2\/posts\/1794\/revisions\/1828"}],"wp:featuredmedia":[{"embeddable":true,"href":"https:\/\/noticierotamaulipeco.info\/index.php?rest_route=\/wp\/v2\/media\/1795"}],"wp:attachment":[{"href":"https:\/\/noticierotamaulipeco.info\/index.php?rest_route=%2Fwp%2Fv2%2Fmedia&parent=1794"}],"wp:term":[{"taxonomy":"category","embeddable":true,"href":"https:\/\/noticierotamaulipeco.info\/index.php?rest_route=%2Fwp%2Fv2%2Fcategories&post=1794"},{"taxonomy":"post_tag","embeddable":true,"href":"https:\/\/noticierotamaulipeco.info\/index.php?rest_route=%2Fwp%2Fv2%2Ftags&post=1794"}],"curies":[{"name":"wp","href":"https:\/\/api.w.org\/{rel}","templated":true}]}}