{"id":1800,"date":"2024-06-03T15:58:01","date_gmt":"2024-06-03T15:58:01","guid":{"rendered":"https:\/\/noticierotamaulipeco.info\/?p=1800"},"modified":"2024-06-11T16:41:01","modified_gmt":"2024-06-11T16:41:01","slug":"rinde-honores-a-la-bandera-el-gobernador-a-v-a","status":"publish","type":"post","link":"https:\/\/noticierotamaulipeco.info\/?p=1800","title":{"rendered":"A.V.A .PRESIDE HONORES A LA BANDERA"},"content":{"rendered":"\n<figure class=\"wp-block-image size-large\"><img loading=\"lazy\" decoding=\"async\" width=\"1024\" height=\"683\" src=\"https:\/\/noticierotamaulipeco.info\/wp-content\/uploads\/2024\/06\/honores-ala-bANDERA-1024x683.jpg\" alt=\"\" class=\"wp-image-1801\" srcset=\"https:\/\/noticierotamaulipeco.info\/wp-content\/uploads\/2024\/06\/honores-ala-bANDERA-1024x683.jpg 1024w, https:\/\/noticierotamaulipeco.info\/wp-content\/uploads\/2024\/06\/honores-ala-bANDERA-300x200.jpg 300w, https:\/\/noticierotamaulipeco.info\/wp-content\/uploads\/2024\/06\/honores-ala-bANDERA-768x512.jpg 768w, https:\/\/noticierotamaulipeco.info\/wp-content\/uploads\/2024\/06\/honores-ala-bANDERA-1536x1024.jpg 1536w, https:\/\/noticierotamaulipeco.info\/wp-content\/uploads\/2024\/06\/honores-ala-bANDERA.jpg 2048w\" sizes=\"auto, (max-width: 1024px) 100vw, 1024px\" \/><\/figure>\n\n\n\n<p>Se rindieron honores a la bandera desde el Polyforum de Ciudad Victoria, presidido por el gobernador <a href=\"https:\/\/www.facebook.com\/dr.americovillarreal?__cft__[0]=AZXTD2BSNc8kaDC1H_6WagXrIRceJLGtGKRz5q5Pl_ubP8Z6isFUIlTY7ONf626jvg75aSDeLjzEnP33Chz6WFaZX-VJ9kXni87WmaIbrp6VjPJ3_LjhZ-Yr4Sr255pIkeBzTcHVVJnlcnVen2tQFdjI7S75m8vy8DRfgtc7MpO3zHL8m4R8LEfCdoU9N3YD5V7ewZYsI9wZoOdF9CFSWWTB&amp;__tn__=-]K-R\">Am\u00e9rico Villarreal<\/a> en donde asegur\u00f3 que esta fecha quedar\u00e1 inscrita en las efem\u00e9rides nacionales: \u201cEste d\u00eda, van a decir: 2 de junio del 2024, una sociedad comprometida con la transformaci\u00f3n y el humanismo decidi\u00f3 libremente tener la primera presidenta de M\u00e9xico\u201d.<\/p>\n\n\n\n<p>Acompa\u00f1aron al Gobernador, el General D.E.M. Julio C\u00e9sar Islas S\u00e1nchez, Comandante de la 48a. Zona Militar, el <a><\/a>General Brigadier Diplomado Estado Mayor, Francisco Alvarado Ter\u00e1n, el secretario General de Gobierno, Hector Joel Villegaz Gonzalez, el presidente del Supremo Tribunal de Justicia del Estado y de la Judicatura, David Cerda Z\u00fa\u00f1iga, el rector de la Universidad Aut\u00f3noma de Tamaulipas, D\u00e1maso Anaya Alvarado, el secretario de Seguridad Publica, Sergio Hernando Ch\u00e1vez Garc\u00eda, en Representaci\u00f3n de Eduardo Gattas Baez, el Regidor, Hugo Alberto Galvan Ibarra, tambi\u00e9n estuvieron presentes miembros de su Gabinete Estatal, autoridades federales, estatales, locales y trabajadores de las diferentes Secretar\u00edas de Gobierno.<\/p>\n","protected":false},"excerpt":{"rendered":"<p>Se rindieron honores a la bandera desde el Polyforum de Ciudad Victoria, presidido por el&#8230;<\/p>\n","protected":false},"author":1,"featured_media":1802,"comment_status":"open","ping_status":"open","sticky":false,"template":"","format":"standard","meta":{"footnotes":""},"categories":[2],"tags":[],"class_list":["post-1800","post","type-post","status-publish","format-standard","has-post-thumbnail","hentry","category-tamaulipas"],"_links":{"self":[{"href":"https:\/\/noticierotamaulipeco.info\/index.php?rest_route=\/wp\/v2\/posts\/1800","targetHints":{"allow":["GET"]}}],"collection":[{"href":"https:\/\/noticierotamaulipeco.info\/index.php?rest_route=\/wp\/v2\/posts"}],"about":[{"href":"https:\/\/noticierotamaulipeco.info\/index.php?rest_route=\/wp\/v2\/types\/post"}],"author":[{"embeddable":true,"href":"https:\/\/noticierotamaulipeco.info\/index.php?rest_route=\/wp\/v2\/users\/1"}],"replies":[{"embeddable":true,"href":"https:\/\/noticierotamaulipeco.info\/index.php?rest_route=%2Fwp%2Fv2%2Fcomments&post=1800"}],"version-history":[{"count":2,"href":"https:\/\/noticierotamaulipeco.info\/index.php?rest_route=\/wp\/v2\/posts\/1800\/revisions"}],"predecessor-version":[{"id":1827,"href":"https:\/\/noticierotamaulipeco.info\/index.php?rest_route=\/wp\/v2\/posts\/1800\/revisions\/1827"}],"wp:featuredmedia":[{"embeddable":true,"href":"https:\/\/noticierotamaulipeco.info\/index.php?rest_route=\/wp\/v2\/media\/1802"}],"wp:attachment":[{"href":"https:\/\/noticierotamaulipeco.info\/index.php?rest_route=%2Fwp%2Fv2%2Fmedia&parent=1800"}],"wp:term":[{"taxonomy":"category","embeddable":true,"href":"https:\/\/noticierotamaulipeco.info\/index.php?rest_route=%2Fwp%2Fv2%2Fcategories&post=1800"},{"taxonomy":"post_tag","embeddable":true,"href":"https:\/\/noticierotamaulipeco.info\/index.php?rest_route=%2Fwp%2Fv2%2Ftags&post=1800"}],"curies":[{"name":"wp","href":"https:\/\/api.w.org\/{rel}","templated":true}]}}