{"id":1884,"date":"2024-06-13T02:41:45","date_gmt":"2024-06-13T02:41:45","guid":{"rendered":"https:\/\/noticierotamaulipeco.info\/?p=1884"},"modified":"2024-06-25T02:43:24","modified_gmt":"2024-06-25T02:43:24","slug":"aplica-dif-tamaulipas-casi-65-millones-de-pesos-en-remodelacion-y-equipamiento-de-casa-san-antonio","status":"publish","type":"post","link":"https:\/\/noticierotamaulipeco.info\/?p=1884","title":{"rendered":"APLICA DIF TAMAULIPAS CASI 65 MILLONES DE PESOS EN REMODELACI\u00d3N Y EQUIPAMIENTO DE CASA SAN ANTONIO"},"content":{"rendered":"\n<p><img loading=\"lazy\" decoding=\"async\" width=\"850\" height=\"500\" src=\"https:\/\/www.tamaulipas.gob.mx\/wp-content\/uploads\/2024\/06\/DIF-021-2024.-Aplica-DIF-Tamaulipas-casi-65-millones-de-pesos-en-remodelacion-y-equipamiento-de-Casa-San-Antonio-5-850x500.jpeg\" alt=\"\"><\/p>\n\n\n\n<p>-El gobernador del estado y la presidenta del DIF Tamaulipas realizaron el corte del list\u00f3n, recorrieron las instalaciones y convivieron con los integrantes de ese centro asistencia social.<\/p>\n\n\n\n<p>Junio 13 de 2024<\/p>\n\n\n\n<p>Ciudad Victoria, Tamaulipas. En un esfuerzo conjunto entre la Secretar\u00eda de Obras P\u00fablicas, el Gobierno del Estado, la C\u00e1mara Mexicana de la Industria de la Construcci\u00f3n (CMIC) y el Sistema DIF Tamaulipas que preside la doctora Mar\u00eda de Villarreal, se llev\u00f3 a cabo la inauguraci\u00f3n de la remodelaci\u00f3n de la Casa San Antonio con la presencia del gobernador del estado el doctor Am\u00e9rico Villarreal Anaya.<\/p>\n\n\n\n<p>Con una inversi\u00f3n total de 64 millones, 642 mil, 324 pesos se remodelaron, ampliaron y equiparon las \u00e1reas de cuidados especiales y fisioterapia, cocina y comedor, edificio de costura, \u00e1rea de lavander\u00eda, dormitorios especiales, ba\u00f1os, \u00e1rea l\u00fadica, pasillos; y en el exterior del edificio se realizaron diferentes obras hidr\u00e1ulicas, de jardiner\u00eda e iluminaci\u00f3n, as\u00ed como el suministro e instalaci\u00f3n de planta de emergencia, compresor de aire de grado m\u00e9dico y 2 cisternas de 5 mil litros.<\/p>\n\n\n\n<p>\u201cHa sido una emoci\u00f3n para todos los habitantes de la casa, lograr por fin esta maravilla de tener una casa digna, hermosa, y que van a disfrutar con una gran atenci\u00f3n que aqu\u00ed se les brinda con todo el cari\u00f1o\u201d mencion\u00f3 Mar\u00eda de Villarreal.<\/p>\n\n\n\n<p>Por su parte el gobernador del estado, destac\u00f3 el trabajo voluntario y solidario de la sociedad tamaulipeca.<\/p>\n\n\n\n<p>\u201cEste es un ejemplo m\u00e1s que gracias al apoyo de los ingenieros de la CMIC que participaron y recibimos su apoyo solidario el a\u00f1o anterior, y este recurso se invirti\u00f3 en las mejoras que ustedes van a ver complementado con lo que atinadamente mi mujer paulatinamente fue pidiendo a Gobierno del Estado para complementar m\u00e1s equipamiento\u201d, les dijo a los presentes.<\/p>\n\n\n\n<p>Con esta remodelaci\u00f3n, ampliaci\u00f3n y equipamiento, se logra beneficiar a 90 residentes que actualmente reciben atenci\u00f3n integral y especializada por todo el equipo de Casa San Antonio, dando una muestra del humanismo, solidaridad e inclusi\u00f3n social que se vive en Tamaulipas.<\/p>\n","protected":false},"excerpt":{"rendered":"<p>-El gobernador del estado y la presidenta del DIF Tamaulipas realizaron el corte del list\u00f3n,&#8230;<\/p>\n","protected":false},"author":1,"featured_media":1885,"comment_status":"open","ping_status":"open","sticky":false,"template":"","format":"standard","meta":{"footnotes":""},"categories":[2],"tags":[],"class_list":["post-1884","post","type-post","status-publish","format-standard","has-post-thumbnail","hentry","category-tamaulipas"],"_links":{"self":[{"href":"https:\/\/noticierotamaulipeco.info\/index.php?rest_route=\/wp\/v2\/posts\/1884","targetHints":{"allow":["GET"]}}],"collection":[{"href":"https:\/\/noticierotamaulipeco.info\/index.php?rest_route=\/wp\/v2\/posts"}],"about":[{"href":"https:\/\/noticierotamaulipeco.info\/index.php?rest_route=\/wp\/v2\/types\/post"}],"author":[{"embeddable":true,"href":"https:\/\/noticierotamaulipeco.info\/index.php?rest_route=\/wp\/v2\/users\/1"}],"replies":[{"embeddable":true,"href":"https:\/\/noticierotamaulipeco.info\/index.php?rest_route=%2Fwp%2Fv2%2Fcomments&post=1884"}],"version-history":[{"count":1,"href":"https:\/\/noticierotamaulipeco.info\/index.php?rest_route=\/wp\/v2\/posts\/1884\/revisions"}],"predecessor-version":[{"id":1886,"href":"https:\/\/noticierotamaulipeco.info\/index.php?rest_route=\/wp\/v2\/posts\/1884\/revisions\/1886"}],"wp:featuredmedia":[{"embeddable":true,"href":"https:\/\/noticierotamaulipeco.info\/index.php?rest_route=\/wp\/v2\/media\/1885"}],"wp:attachment":[{"href":"https:\/\/noticierotamaulipeco.info\/index.php?rest_route=%2Fwp%2Fv2%2Fmedia&parent=1884"}],"wp:term":[{"taxonomy":"category","embeddable":true,"href":"https:\/\/noticierotamaulipeco.info\/index.php?rest_route=%2Fwp%2Fv2%2Fcategories&post=1884"},{"taxonomy":"post_tag","embeddable":true,"href":"https:\/\/noticierotamaulipeco.info\/index.php?rest_route=%2Fwp%2Fv2%2Ftags&post=1884"}],"curies":[{"name":"wp","href":"https:\/\/api.w.org\/{rel}","templated":true}]}}