{"id":1890,"date":"2024-06-15T02:45:48","date_gmt":"2024-06-15T02:45:48","guid":{"rendered":"https:\/\/noticierotamaulipeco.info\/?p=1890"},"modified":"2024-06-25T02:47:08","modified_gmt":"2024-06-25T02:47:08","slug":"encabezan-reunion-en-nuevo-laredo-el-presidente-lopez-obrador-la-presidenta-electa-claudia-sheinbaum-y-el-gobernador-americo-villarreal","status":"publish","type":"post","link":"https:\/\/noticierotamaulipeco.info\/?p=1890","title":{"rendered":"ENCABEZAN REUNI\u00d3N EN NUEVO LAREDO EL PRESIDENTE L\u00d3PEZ OBRADOR, LA PRESIDENTA ELECTA CLAUDIA SHEINBAUM Y EL GOBERNADOR AM\u00c9RICO VILLARREAL"},"content":{"rendered":"\n<figure class=\"wp-block-image\"><img decoding=\"async\" src=\"https:\/\/www.tamaulipas.gob.mx\/wp-content\/uploads\/2024\/06\/054-2024.-Encabezan-reunion-en-Nuevo-Laredo-el-presidente-Lopez-Obrador-la-presidenta-electa-Claudia-Sheinbaum-y-el-gobernador-Americo-Villarreal-850x500.jpeg\" alt=\"\"\/><\/figure>\n\n\n\n<p>Nuevo Laredo, Tamaulipas. \u2013 El presidente de la Rep\u00fablica, Andr\u00e9s Manuel L\u00f3pez Obrador; la presidenta electa, Claudia Sheinbaum y el gobernador del Estado, Am\u00e9rico Villarreal Anaya, iniciaron esta ma\u00f1ana una reuni\u00f3n de trabajo en la sede de la Agencia Nacional de Aduanas de M\u00e9xico (ANAM) en esta ciudad.<\/p>\n\n\n\n<p>L\u00f3pez Obrador y Sheinbaum llegaron la noche del viernes a Nuevo Laredo y este s\u00e1bado recibieron informaci\u00f3n sobre el avance de esta magna obra de parte del secretario de la Defensa Nacional, Luis Cresencio Sandoval y el director general de Aduanas, Andr\u00e9 Georges Foullon Van Lissum.<\/p>\n\n\n\n<p>Tras el encuentro, que se efect\u00faa en las instalaciones del 16\u00b0 Regimiento de Caballer\u00eda Motorizada de la SEDENA, realizar\u00e1n un recorrido por las instalaciones y luego continuar\u00e1n su gira de trabajo por la regi\u00f3n de La Laguna, en el estado de Coahuila.<\/p>\n","protected":false},"excerpt":{"rendered":"<p>Nuevo Laredo, Tamaulipas. \u2013 El presidente de la Rep\u00fablica, Andr\u00e9s Manuel L\u00f3pez Obrador; la presidenta&#8230;<\/p>\n","protected":false},"author":1,"featured_media":1891,"comment_status":"open","ping_status":"open","sticky":false,"template":"","format":"standard","meta":{"footnotes":""},"categories":[2],"tags":[],"class_list":["post-1890","post","type-post","status-publish","format-standard","has-post-thumbnail","hentry","category-tamaulipas"],"_links":{"self":[{"href":"https:\/\/noticierotamaulipeco.info\/index.php?rest_route=\/wp\/v2\/posts\/1890","targetHints":{"allow":["GET"]}}],"collection":[{"href":"https:\/\/noticierotamaulipeco.info\/index.php?rest_route=\/wp\/v2\/posts"}],"about":[{"href":"https:\/\/noticierotamaulipeco.info\/index.php?rest_route=\/wp\/v2\/types\/post"}],"author":[{"embeddable":true,"href":"https:\/\/noticierotamaulipeco.info\/index.php?rest_route=\/wp\/v2\/users\/1"}],"replies":[{"embeddable":true,"href":"https:\/\/noticierotamaulipeco.info\/index.php?rest_route=%2Fwp%2Fv2%2Fcomments&post=1890"}],"version-history":[{"count":1,"href":"https:\/\/noticierotamaulipeco.info\/index.php?rest_route=\/wp\/v2\/posts\/1890\/revisions"}],"predecessor-version":[{"id":1892,"href":"https:\/\/noticierotamaulipeco.info\/index.php?rest_route=\/wp\/v2\/posts\/1890\/revisions\/1892"}],"wp:featuredmedia":[{"embeddable":true,"href":"https:\/\/noticierotamaulipeco.info\/index.php?rest_route=\/wp\/v2\/media\/1891"}],"wp:attachment":[{"href":"https:\/\/noticierotamaulipeco.info\/index.php?rest_route=%2Fwp%2Fv2%2Fmedia&parent=1890"}],"wp:term":[{"taxonomy":"category","embeddable":true,"href":"https:\/\/noticierotamaulipeco.info\/index.php?rest_route=%2Fwp%2Fv2%2Fcategories&post=1890"},{"taxonomy":"post_tag","embeddable":true,"href":"https:\/\/noticierotamaulipeco.info\/index.php?rest_route=%2Fwp%2Fv2%2Ftags&post=1890"}],"curies":[{"name":"wp","href":"https:\/\/api.w.org\/{rel}","templated":true}]}}