{"id":1937,"date":"2024-06-17T03:13:01","date_gmt":"2024-06-17T03:13:01","guid":{"rendered":"https:\/\/noticierotamaulipeco.info\/?p=1937"},"modified":"2024-06-25T03:15:02","modified_gmt":"2024-06-25T03:15:02","slug":"reunion-regional-prospectiva-de-la-demanda-de-servicios-educativos-y-actualizacion-curricular-para-potenciar-el-talento-mexicano","status":"publish","type":"post","link":"https:\/\/noticierotamaulipeco.info\/?p=1937","title":{"rendered":"Reuni\u00f3n regional &#8220;Prospectiva de la demanda de servicios educativos y actualizaci\u00f3n curricular para potenciar el talento mexicano&#8221;"},"content":{"rendered":"\n<p>Se llev\u00f3 a cabo la reuni\u00f3n regional &#8220;Prospectiva de la demanda de servicios educativos y actualizaci\u00f3n curricular para potenciar el talento mexicano&#8221;, presidida por el gobernador <a href=\"https:\/\/www.facebook.com\/dr.americovillarreal?__cft__[0]=AZU272YW3yDb2Blkor3gGSGsSlK4Gwe65O0xWgtpt7eyMC__niZTx4ub2ZjurVP9FoKthi4TrKjEK2RHZc11jlfZxqI5BR4pa-SIEktZvWVNjuk9UzelW2uC5OD809v8HuczadAEQve1J01xwcCDfTbc8jzziL76FxXmN_EHue6v5gKHla2QCwO7Pv4e7ooMeStoW48xSq2m4SmJh5I6yXyT&amp;__tn__=-]K-R\">Am\u00e9rico Villarreal<\/a> junto al subsecretario de Educaci\u00f3n Superior, Luciano Concheiro B\u00f3rquez y la secretaria de Educaci\u00f3n de Tamaulipas, <a href=\"https:\/\/www.facebook.com\/luciaaimecastillo?__cft__[0]=AZU272YW3yDb2Blkor3gGSGsSlK4Gwe65O0xWgtpt7eyMC__niZTx4ub2ZjurVP9FoKthi4TrKjEK2RHZc11jlfZxqI5BR4pa-SIEktZvWVNjuk9UzelW2uC5OD809v8HuczadAEQve1J01xwcCDfTbc8jzziL76FxXmN_EHue6v5gKHla2QCwO7Pv4e7ooMeStoW48xSq2m4SmJh5I6yXyT&amp;__tn__=-]K-R\">Luc\u00eda Aim\u00e9 Castillo Pastor<\/a> y la participaci\u00f3n de autoridades y representantes de instituciones de educaci\u00f3n superior de Chihuahua, Coahuila, Hidalgo, Nuevo Le\u00f3n, <a><\/a>Veracruz y Tamaulipas, y miembros del Magisterio tamaulipeco.<\/p>\n\n\n\n<p>El Gobernador expres\u00f3 que \u201cLa senda por la que debe caminar la educaci\u00f3n en general y la educaci\u00f3n universitaria en particular es para desplegarse y orientarse a fin de rehumanizar nuestra sociedad, para satisfacer las necesidades de los j\u00f3venes, colocando por encima sus aspiraciones de vida, antes que las prioridades o las m\u00e1ximas del mercado y nunca m\u00e1s dejarlos fuera del desarrollo del pa\u00eds\u201d.<\/p>\n\n\n\n<figure class=\"wp-block-image size-large\"><img loading=\"lazy\" decoding=\"async\" width=\"1024\" height=\"660\" src=\"https:\/\/noticierotamaulipeco.info\/wp-content\/uploads\/2024\/06\/448260825_900489188790440_4726627228795778681_n-1024x660.jpg\" alt=\"\" class=\"wp-image-1938\" srcset=\"https:\/\/noticierotamaulipeco.info\/wp-content\/uploads\/2024\/06\/448260825_900489188790440_4726627228795778681_n-1024x660.jpg 1024w, https:\/\/noticierotamaulipeco.info\/wp-content\/uploads\/2024\/06\/448260825_900489188790440_4726627228795778681_n-300x193.jpg 300w, https:\/\/noticierotamaulipeco.info\/wp-content\/uploads\/2024\/06\/448260825_900489188790440_4726627228795778681_n-768x495.jpg 768w, https:\/\/noticierotamaulipeco.info\/wp-content\/uploads\/2024\/06\/448260825_900489188790440_4726627228795778681_n.jpg 1382w\" sizes=\"auto, (max-width: 1024px) 100vw, 1024px\" \/><\/figure>\n","protected":false},"excerpt":{"rendered":"<p>Se llev\u00f3 a cabo la reuni\u00f3n regional &#8220;Prospectiva de la demanda de servicios educativos y&#8230;<\/p>\n","protected":false},"author":1,"featured_media":1939,"comment_status":"open","ping_status":"open","sticky":false,"template":"","format":"standard","meta":{"footnotes":""},"categories":[2],"tags":[],"class_list":["post-1937","post","type-post","status-publish","format-standard","has-post-thumbnail","hentry","category-tamaulipas"],"_links":{"self":[{"href":"https:\/\/noticierotamaulipeco.info\/index.php?rest_route=\/wp\/v2\/posts\/1937","targetHints":{"allow":["GET"]}}],"collection":[{"href":"https:\/\/noticierotamaulipeco.info\/index.php?rest_route=\/wp\/v2\/posts"}],"about":[{"href":"https:\/\/noticierotamaulipeco.info\/index.php?rest_route=\/wp\/v2\/types\/post"}],"author":[{"embeddable":true,"href":"https:\/\/noticierotamaulipeco.info\/index.php?rest_route=\/wp\/v2\/users\/1"}],"replies":[{"embeddable":true,"href":"https:\/\/noticierotamaulipeco.info\/index.php?rest_route=%2Fwp%2Fv2%2Fcomments&post=1937"}],"version-history":[{"count":1,"href":"https:\/\/noticierotamaulipeco.info\/index.php?rest_route=\/wp\/v2\/posts\/1937\/revisions"}],"predecessor-version":[{"id":1940,"href":"https:\/\/noticierotamaulipeco.info\/index.php?rest_route=\/wp\/v2\/posts\/1937\/revisions\/1940"}],"wp:featuredmedia":[{"embeddable":true,"href":"https:\/\/noticierotamaulipeco.info\/index.php?rest_route=\/wp\/v2\/media\/1939"}],"wp:attachment":[{"href":"https:\/\/noticierotamaulipeco.info\/index.php?rest_route=%2Fwp%2Fv2%2Fmedia&parent=1937"}],"wp:term":[{"taxonomy":"category","embeddable":true,"href":"https:\/\/noticierotamaulipeco.info\/index.php?rest_route=%2Fwp%2Fv2%2Fcategories&post=1937"},{"taxonomy":"post_tag","embeddable":true,"href":"https:\/\/noticierotamaulipeco.info\/index.php?rest_route=%2Fwp%2Fv2%2Ftags&post=1937"}],"curies":[{"name":"wp","href":"https:\/\/api.w.org\/{rel}","templated":true}]}}