{"id":1970,"date":"2024-06-16T05:32:41","date_gmt":"2024-06-16T05:32:41","guid":{"rendered":"https:\/\/noticierotamaulipeco.info\/?p=1970"},"modified":"2024-06-25T05:33:46","modified_gmt":"2024-06-25T05:33:46","slug":"disculpa-historica-de-obispos-catolicos-a-comunidades-nativas","status":"publish","type":"post","link":"https:\/\/noticierotamaulipeco.info\/?p=1970","title":{"rendered":"Disculpa hist\u00f3rica de obispos cat\u00f3licos a comunidades nativas"},"content":{"rendered":"\n<p>16 de JUNIO 2024<a href=\"https:\/\/laverdad.com.mx\/wp-content\/uploads\/2024\/06\/obispos-catolicos-1.jpg\"><\/a><\/p>\n\n\n\n<figure class=\"wp-block-image\"><a href=\"https:\/\/laverdad.com.mx\/wp-content\/uploads\/2024\/06\/obispos-catolicos-1.jpg\"><img decoding=\"async\" src=\"https:\/\/laverdad.com.mx\/wp-content\/uploads\/2024\/06\/obispos-catolicos-1-750x450.jpg\" alt=\"Disculpa hist\u00f3rica de obispos cat\u00f3licos a comunidades nativas\"\/><\/a><\/figure>\n\n\n\n<p>La Conferencia de Obispos Cat\u00f3licos de Estados Unidos (USCCB) emiti\u00f3 este viernes una disculpa formal a las comunidades ind\u00edgenas del pa\u00eds, reconociendo su responsabilidad en la \u201chistoria de traumas\u201d que han sufrido las tribus nativas a causa de su relaci\u00f3n con la Iglesia cat\u00f3lica.<\/p>\n\n\n\n<p>El documento, aprobado por 181 votos a favor, 2 en contra y 3 abstenciones, se titula \u201cMantener la promesa sagrada de Cristo: Un marco pastoral para el ministerio ind\u00edgena\u201d y tiene 53 p\u00e1ginas. En \u00e9l se admite que durante m\u00e1s de un siglo, miles de ni\u00f1os ind\u00edgenas fueron separados de sus familias y forzados a integrarse en la sociedad estadounidense, lo que provoc\u00f3 da\u00f1os permanentes en sus sistemas familiares y culturales.<\/p>\n\n\n\n<p>\u201cLos sistemas familiares de muchos ind\u00edgenas nunca se recuperaron del todo de estas tragedias que, a menudo, desembocaron en hogares rotos y perjudicados por la adicci\u00f3n, el maltrato dom\u00e9stico, el abandono y la negligencia\u201d, se\u00f1ala el documento, que subraya el papel de la Iglesia en estos traumas.<\/p>\n\n\n\n<p>Adem\u00e1s, la USCCB menciona que 85 de los 500 centros educativos donde ocurrieron estos abusos estaban bajo su gesti\u00f3n. Aunque el nuevo marco no detalla los abusos sexuales documentados por The Washington Post el mes pasado, llama a \u201caumentar la concienciaci\u00f3n y romper la cultura del silencio\u201d sobre los malos tratos y negligencias del pasado.<\/p>\n\n\n\n<p>Por primera vez en 47 a\u00f1os, la Conferencia Episcopal aborda directamente su relaci\u00f3n con las comunidades ind\u00edgenas y solicita a sus integrantes estar abiertos a cooperar con las investigaciones de las tribus nativas y otros gobiernos sobre cualquier implicaci\u00f3n cat\u00f3lica en abusos \u00e9tnicos.<\/p>\n\n\n\n<p>Un informe del Departamento del Interior de Estados Unidos estim\u00f3 hace dos a\u00f1os que aproximadamente 500 menores ind\u00edgenas murieron entre 1819 y 1969 en internados para nativos americanos, muchos de los cuales eran financiados por el Gobierno federal.<\/p>\n\n\n\n<p>En marzo, la National Native American Boarding School Healing Coalition se reuni\u00f3 en la Casa Blanca con un alto asesor del presidente Joe Biden para pedir una disculpa presidencial, pero hasta la fecha no ha habido un pronunciamiento oficial al respecto.<\/p>\n","protected":false},"excerpt":{"rendered":"<p>16 de JUNIO 2024 La Conferencia de Obispos Cat\u00f3licos de Estados Unidos (USCCB) emiti\u00f3 este&#8230;<\/p>\n","protected":false},"author":1,"featured_media":1971,"comment_status":"open","ping_status":"open","sticky":false,"template":"","format":"standard","meta":{"footnotes":""},"categories":[5],"tags":[],"class_list":["post-1970","post","type-post","status-publish","format-standard","has-post-thumbnail","hentry","category-internacional"],"_links":{"self":[{"href":"https:\/\/noticierotamaulipeco.info\/index.php?rest_route=\/wp\/v2\/posts\/1970","targetHints":{"allow":["GET"]}}],"collection":[{"href":"https:\/\/noticierotamaulipeco.info\/index.php?rest_route=\/wp\/v2\/posts"}],"about":[{"href":"https:\/\/noticierotamaulipeco.info\/index.php?rest_route=\/wp\/v2\/types\/post"}],"author":[{"embeddable":true,"href":"https:\/\/noticierotamaulipeco.info\/index.php?rest_route=\/wp\/v2\/users\/1"}],"replies":[{"embeddable":true,"href":"https:\/\/noticierotamaulipeco.info\/index.php?rest_route=%2Fwp%2Fv2%2Fcomments&post=1970"}],"version-history":[{"count":1,"href":"https:\/\/noticierotamaulipeco.info\/index.php?rest_route=\/wp\/v2\/posts\/1970\/revisions"}],"predecessor-version":[{"id":1972,"href":"https:\/\/noticierotamaulipeco.info\/index.php?rest_route=\/wp\/v2\/posts\/1970\/revisions\/1972"}],"wp:featuredmedia":[{"embeddable":true,"href":"https:\/\/noticierotamaulipeco.info\/index.php?rest_route=\/wp\/v2\/media\/1971"}],"wp:attachment":[{"href":"https:\/\/noticierotamaulipeco.info\/index.php?rest_route=%2Fwp%2Fv2%2Fmedia&parent=1970"}],"wp:term":[{"taxonomy":"category","embeddable":true,"href":"https:\/\/noticierotamaulipeco.info\/index.php?rest_route=%2Fwp%2Fv2%2Fcategories&post=1970"},{"taxonomy":"post_tag","embeddable":true,"href":"https:\/\/noticierotamaulipeco.info\/index.php?rest_route=%2Fwp%2Fv2%2Ftags&post=1970"}],"curies":[{"name":"wp","href":"https:\/\/api.w.org\/{rel}","templated":true}]}}