{"id":2005,"date":"2024-06-26T00:11:14","date_gmt":"2024-06-26T00:11:14","guid":{"rendered":"https:\/\/noticierotamaulipeco.info\/?p=2005"},"modified":"2024-06-26T00:11:15","modified_gmt":"2024-06-26T00:11:15","slug":"ponen-a-disposicion-de-los-productores-de-maiz-el-programa-de-precios-de-garantia","status":"publish","type":"post","link":"https:\/\/noticierotamaulipeco.info\/?p=2005","title":{"rendered":"PONEN A DISPOSICI\u00d3N DE LOS PRODUCTORES DE MA\u00cdZ EL PROGRAMA DE PRECIOS DE GARANT\u00cdA"},"content":{"rendered":"\n<p>Junio 25 de 2024<\/p>\n\n\n\n<p>Ciudad Victoria, Tamaulipas.- Con la intenci\u00f3n de seguir apoyando a los productores de ma\u00edz del ciclo oto\u00f1o-invierno 2023-2024, el Gobierno del Estado contin\u00faa invitando a que se inscriban en el pre-registro del programa \u201cPrecios de Garant\u00eda a Productos Alimentarios B\u00e1sicos\u201d, este es un programa del Gobierno Federal, en apoyo a los agricultores de Tamaulipas que se dedican a la siembra de este importante grano.<\/p>\n\n\n\n<p>\u201cEs un apoyo extraordinario que abri\u00f3 su pre-registro el pasado 18 de junio y estar\u00e1 cerrando el 03 de julio, este esquema es respaldado por el presidente de la Rep\u00fablica, Andr\u00e9s Manuel L\u00f3pez Obrador y gestionado por Segalmex\u201d, que sin duda vendr\u00e1 a beneficiar a los productores de ma\u00edz en todo el pa\u00eds, incluyendo a Tamaulipas\u201d, se\u00f1al\u00f3 Antonio Varela Flores, secretario de Desarrollo Rural, Pesca y Acuacultura.<\/p>\n\n\n\n<p>El titular de la dependencia estatal refiri\u00f3 que es importante que todos los productores interesados realicen el pre-registro en l\u00ednea. Al hacerlo, recibir\u00e1n un folio que les permitir\u00e1 finalizar su registro. Por ser un programa extraordinario, no se otorgar\u00e1n pr\u00f3rrogas.<\/p>\n\n\n\n<p>Adem\u00e1s, destac\u00f3 que el pre-registro es un procedimiento muy r\u00e1pido y sencillo, en donde los datos que solicita son: nombre, RFC, CURP, superficie sembrada, municipio y localidad. El productor interesado puede hacer su pre-registro en la p\u00e1gina: https:\/\/prerregistromaiz750.segalmex.gob.mx\/<\/p>\n\n\n\n<p>Si el interesado tiene alguna duda, puede comunicarse a los siguientes n\u00fameros de tel\u00e9fono 834 -1169655, Alfredo Vanoye Mota, director de Agricultura y 8341628899 con Jos\u00e9 Luis Tovar Camarillo, jefe de Extensionismo Agr\u00edcola.<\/p>\n","protected":false},"excerpt":{"rendered":"<p>Junio 25 de 2024 Ciudad Victoria, Tamaulipas.- Con la intenci\u00f3n de seguir apoyando a los&#8230;<\/p>\n","protected":false},"author":1,"featured_media":2006,"comment_status":"open","ping_status":"open","sticky":false,"template":"","format":"standard","meta":{"footnotes":""},"categories":[2],"tags":[],"class_list":["post-2005","post","type-post","status-publish","format-standard","has-post-thumbnail","hentry","category-tamaulipas"],"_links":{"self":[{"href":"https:\/\/noticierotamaulipeco.info\/index.php?rest_route=\/wp\/v2\/posts\/2005","targetHints":{"allow":["GET"]}}],"collection":[{"href":"https:\/\/noticierotamaulipeco.info\/index.php?rest_route=\/wp\/v2\/posts"}],"about":[{"href":"https:\/\/noticierotamaulipeco.info\/index.php?rest_route=\/wp\/v2\/types\/post"}],"author":[{"embeddable":true,"href":"https:\/\/noticierotamaulipeco.info\/index.php?rest_route=\/wp\/v2\/users\/1"}],"replies":[{"embeddable":true,"href":"https:\/\/noticierotamaulipeco.info\/index.php?rest_route=%2Fwp%2Fv2%2Fcomments&post=2005"}],"version-history":[{"count":1,"href":"https:\/\/noticierotamaulipeco.info\/index.php?rest_route=\/wp\/v2\/posts\/2005\/revisions"}],"predecessor-version":[{"id":2007,"href":"https:\/\/noticierotamaulipeco.info\/index.php?rest_route=\/wp\/v2\/posts\/2005\/revisions\/2007"}],"wp:featuredmedia":[{"embeddable":true,"href":"https:\/\/noticierotamaulipeco.info\/index.php?rest_route=\/wp\/v2\/media\/2006"}],"wp:attachment":[{"href":"https:\/\/noticierotamaulipeco.info\/index.php?rest_route=%2Fwp%2Fv2%2Fmedia&parent=2005"}],"wp:term":[{"taxonomy":"category","embeddable":true,"href":"https:\/\/noticierotamaulipeco.info\/index.php?rest_route=%2Fwp%2Fv2%2Fcategories&post=2005"},{"taxonomy":"post_tag","embeddable":true,"href":"https:\/\/noticierotamaulipeco.info\/index.php?rest_route=%2Fwp%2Fv2%2Ftags&post=2005"}],"curies":[{"name":"wp","href":"https:\/\/api.w.org\/{rel}","templated":true}]}}