{"id":2043,"date":"2024-06-26T20:24:16","date_gmt":"2024-06-26T20:24:16","guid":{"rendered":"https:\/\/noticierotamaulipeco.info\/?p=2043"},"modified":"2024-06-30T20:47:39","modified_gmt":"2024-06-30T20:47:39","slug":"la-uat-es-aliada-de-la-transformacion-que-impulsamos-en-tamaulipas-dr-americo-villarreal","status":"publish","type":"post","link":"https:\/\/noticierotamaulipeco.info\/?p=2043","title":{"rendered":"La UAT es aliada de la transformaci\u00f3n que impulsamos en Tamaulipas: Dr. Am\u00e9rico Villarreal"},"content":{"rendered":"\n\n\n<p>26 de Junio 2024<\/p>\n\n\n\n<p>El gobernador del estado, Dr. Am\u00e9rico Villarreal Anaya, ofreci\u00f3 todo su respaldo para<br>lograr los objetivos que ha trazado el rector D\u00e1maso Anaya Alvarado en el Plan de<br>Desarrollo Institucional de la Universidad Aut\u00f3noma de Tamaulipas (UAT).<br>Al asistir como invitado de honor a la presentaci\u00f3n del documento que marcar\u00e1 el<br>rumbo de la UAT en el periodo rectoral 2024-2028, reconoci\u00f3 a la m\u00e1xima casa de estudios<br>como aliada de la transformaci\u00f3n que impulsa para Tamaulipas.<br>\u201cSolo quiero decir, se\u00f1or rector, el orgullo que es para m\u00ed poder declararme<br>nuevamente como un aliado incondicional de la renovaci\u00f3n institucional y del<br>fortalecimiento de la Universidad Aut\u00f3noma de Tamaulipas que est\u00e1 consiguiendo\u201d,<br>expres\u00f3, tras celebrar el plan de trabajo del MVZ D\u00e1maso Anaya y el compromiso de la<br>comunidad universitaria.<br>\u201cAmigas y amigos, bienvenidos a esta nueva etapa de impulso a la responsabilidad<br>social universitaria, de regeneraci\u00f3n institucional, de unidad, entendimiento y colaboraci\u00f3n<br>entre las y los integrantes de esta gran comunidad\u201d, resalto el gobernador.<br>\u201cLes felicito nuevamente; reitero que es un honor estar en este acto de tanto<br>significado y poder sumarme con ustedes a la voz universitaria que celebra su historia, su<br>destino y su transformaci\u00f3n. Verdad, Belleza y Probidad\u201d, asent\u00f3 el Dr. Am\u00e9rico Villarreal.<br>En la ceremonia, el rector D\u00e1maso Anaya entreg\u00f3 al gobernador el documento<br>impreso del Plan de Desarrollo Institucional 2024-2028, del que tambi\u00e9n hizo entrega a la<br>Asamblea Universitaria en una sesi\u00f3n previa a esta ceremonia, en cumplimiento del<br>Estatuto Org\u00e1nico de la UAT.<br>En este marco, dio la bienvenida al Dr. Luis Armando Gonz\u00e1lez Placencia,<br>secretario general ejecutivo de la Asociaci\u00f3n Nacional de Universidades e Instituciones de<br>Educaci\u00f3n Superior (ANUIES), como invitado especial en la ceremonia.<br>En su intervenci\u00f3n, D\u00e1maso Anaya dijo que la UAT tiene un nuevo perfil alineado<\/p>\n\n\n\n<p>al movimiento de transformaci\u00f3n de Tamaulipas, y que este documento no solo recoge las<br>voces y sue\u00f1os de la comunidad universitaria, sino que tambi\u00e9n establece una ruta clara<br>hacia un futuro inclusivo, m\u00e1s humano y sostenible.<br>\u201cSe\u00f1or gobernador, el nuevo perfil de nuestra universidad est\u00e1 definido y se alinea<br>al gran movimiento de transformaci\u00f3n que usted conduce, y es congruente con los objetivos<br>m\u00e1ximos de su visi\u00f3n humanista. Responde a su llamado para construir la paz, elevar el<br>bienestar social, garantizar todos y cada uno de los derechos humanos y lograr una<br>prosperidad inclusiva y sostenible con m\u00e1s igualdad y justicia\u201d, afirm\u00f3.<br>M\u00e1s adelante, el rector se\u00f1al\u00f3 que en esta nueva etapa de transformaci\u00f3n existe el<br>compromiso de lograr el gran despegue de la UAT, y que este planteamiento \u201ces un<br>testimonio de nuestra responsabilidad social y de nuestro deseo de actuar en consonancia<br>con las necesidades y realidades de nuestro tiempo\u201d.<br>El rector D\u00e1maso Leonardo Anaya Alvarado detall\u00f3, en una presentaci\u00f3n<br>multimedia, los ejes y estrategias transversales del Plan de Desarrollo Institucional, que<br>busca preparar a los estudiantes a trav\u00e9s de una formaci\u00f3n integral, pertinente, dual y<br>flexible.<br>Este plan propone m\u00e1s oportunidades de ingreso a las aulas universitarias, nuevas<br>carreras y especialidades, reafirma tambi\u00e9n el compromiso con la revalorizaci\u00f3n de los<br>docentes, y que la investigaci\u00f3n impacte en las comunidades y sea una de las principales<br>fuentes de bienestar y prosperidad.<br>En su oportunidad, el secretario general de la ANUIES, Luis Armando Gonz\u00e1lez<br>Placencia, felicit\u00f3 al rector por la presentaci\u00f3n de este documento que perfila a la casa de<br>estudios como un espacio abierto, inclusivo y flexible.<br>En el evento se cont\u00f3 con la asistencia de representantes de las veintis\u00e9is facultades,<br>unidades acad\u00e9micas y escuelas de la UAT de todo el estado, funcionarios universitarios,<br>autoridades de los tres \u00f3rdenes de gobierno, legisladores e invitados especiales<br>representantes de la sociedad.<\/p>\n","protected":false},"excerpt":{"rendered":"<p>26 de Junio 2024 El gobernador del estado, Dr. Am\u00e9rico Villarreal Anaya, ofreci\u00f3 todo su&#8230;<\/p>\n","protected":false},"author":1,"featured_media":2044,"comment_status":"open","ping_status":"open","sticky":false,"template":"","format":"standard","meta":{"footnotes":""},"categories":[2],"tags":[],"class_list":["post-2043","post","type-post","status-publish","format-standard","has-post-thumbnail","hentry","category-tamaulipas"],"_links":{"self":[{"href":"https:\/\/noticierotamaulipeco.info\/index.php?rest_route=\/wp\/v2\/posts\/2043","targetHints":{"allow":["GET"]}}],"collection":[{"href":"https:\/\/noticierotamaulipeco.info\/index.php?rest_route=\/wp\/v2\/posts"}],"about":[{"href":"https:\/\/noticierotamaulipeco.info\/index.php?rest_route=\/wp\/v2\/types\/post"}],"author":[{"embeddable":true,"href":"https:\/\/noticierotamaulipeco.info\/index.php?rest_route=\/wp\/v2\/users\/1"}],"replies":[{"embeddable":true,"href":"https:\/\/noticierotamaulipeco.info\/index.php?rest_route=%2Fwp%2Fv2%2Fcomments&post=2043"}],"version-history":[{"count":2,"href":"https:\/\/noticierotamaulipeco.info\/index.php?rest_route=\/wp\/v2\/posts\/2043\/revisions"}],"predecessor-version":[{"id":2047,"href":"https:\/\/noticierotamaulipeco.info\/index.php?rest_route=\/wp\/v2\/posts\/2043\/revisions\/2047"}],"wp:featuredmedia":[{"embeddable":true,"href":"https:\/\/noticierotamaulipeco.info\/index.php?rest_route=\/wp\/v2\/media\/2044"}],"wp:attachment":[{"href":"https:\/\/noticierotamaulipeco.info\/index.php?rest_route=%2Fwp%2Fv2%2Fmedia&parent=2043"}],"wp:term":[{"taxonomy":"category","embeddable":true,"href":"https:\/\/noticierotamaulipeco.info\/index.php?rest_route=%2Fwp%2Fv2%2Fcategories&post=2043"},{"taxonomy":"post_tag","embeddable":true,"href":"https:\/\/noticierotamaulipeco.info\/index.php?rest_route=%2Fwp%2Fv2%2Ftags&post=2043"}],"curies":[{"name":"wp","href":"https:\/\/api.w.org\/{rel}","templated":true}]}}